{"id":1638,"date":"2021-04-20T00:08:18","date_gmt":"2021-04-20T05:08:18","guid":{"rendered":"https:\/\/accefyn.com\/microsites\/nodos\/astroco\/?p=1638"},"modified":"2021-09-27T22:44:55","modified_gmt":"2021-09-28T03:44:55","slug":"dibuja-tu-planeta-categoria-b","status":"publish","type":"post","link":"https:\/\/accefyn.com\/microsites\/nodos\/astroco\/dibuja-tu-planeta-categoria-b\/","title":{"rendered":"Dibuja tu Planeta (Categor\u00eda B)"},"content":{"rendered":"\t\t<div data-elementor-type=\"wp-post\" data-elementor-id=\"1638\" class=\"elementor elementor-1638\">\n\t\t\t\t\t\t<section class=\"elementor-section elementor-top-section elementor-element elementor-element-38a07745 elementor-section-boxed elementor-section-height-default elementor-section-height-default\" data-id=\"38a07745\" data-element_type=\"section\" data-e-type=\"section\">\n\t\t\t\t\t\t<div class=\"elementor-container elementor-column-gap-default\">\n\t\t\t\t\t<div class=\"elementor-column elementor-col-100 elementor-top-column elementor-element elementor-element-57162273\" data-id=\"57162273\" data-element_type=\"column\" data-e-type=\"column\">\n\t\t\t<div class=\"elementor-widget-wrap elementor-element-populated\">\n\t\t\t\t\t\t<div class=\"elementor-element elementor-element-78335cf4 elementor-widget elementor-widget-text-editor\" data-id=\"78335cf4\" data-element_type=\"widget\" data-e-type=\"widget\" data-widget_type=\"text-editor.default\">\n\t\t\t\t<div class=\"elementor-widget-container\">\n\t\t\t\t\t\t\t\t\t\t\t\t\t\t\t\t\t<\/div>\n\t\t\t\t<\/div>\n\t\t\t\t\t<\/div>\n\t\t<\/div>\n\t\t\t\t\t<\/div>\n\t\t<\/section>\n\t\t\t\t<section class=\"elementor-section elementor-top-section elementor-element elementor-element-cb5b6e2 elementor-section-boxed elementor-section-height-default elementor-section-height-default\" data-id=\"cb5b6e2\" data-element_type=\"section\" data-e-type=\"section\">\n\t\t\t\t\t\t<div class=\"elementor-container elementor-column-gap-default\">\n\t\t\t\t\t<div class=\"elementor-column elementor-col-100 elementor-top-column elementor-element elementor-element-d5daa4c\" data-id=\"d5daa4c\" data-element_type=\"column\" data-e-type=\"column\">\n\t\t\t<div class=\"elementor-widget-wrap elementor-element-populated\">\n\t\t\t\t\t\t<div class=\"elementor-element elementor-element-1fb0fa0 elementor-widget elementor-widget-heading\" data-id=\"1fb0fa0\" data-element_type=\"widget\" data-e-type=\"widget\" data-widget_type=\"heading.default\">\n\t\t\t\t<div class=\"elementor-widget-container\">\n\t\t\t\t\t<h2 class=\"elementor-heading-title elementor-size-default\">Dibuja tu Planeta \n(Categor\u00eda B)<\/h2>\t\t\t\t<\/div>\n\t\t\t\t<\/div>\n\t\t\t\t\t<\/div>\n\t\t<\/div>\n\t\t\t\t\t<\/div>\n\t\t<\/section>\n\t\t\t\t<section class=\"elementor-section elementor-top-section elementor-element elementor-element-6a88512 elementor-section-boxed elementor-section-height-default elementor-section-height-default\" data-id=\"6a88512\" data-element_type=\"section\" data-e-type=\"section\">\n\t\t\t\t\t\t<div class=\"elementor-container elementor-column-gap-default\">\n\t\t\t\t\t<div class=\"elementor-column elementor-col-100 elementor-top-column elementor-element elementor-element-b8dc707\" data-id=\"b8dc707\" data-element_type=\"column\" data-e-type=\"column\">\n\t\t\t<div class=\"elementor-widget-wrap elementor-element-populated\">\n\t\t\t\t\t\t<div class=\"elementor-element elementor-element-0bf985b elementor-widget elementor-widget-image-gallery\" data-id=\"0bf985b\" data-element_type=\"widget\" data-e-type=\"widget\" data-widget_type=\"image-gallery.default\">\n\t\t\t\t<div class=\"elementor-widget-container\">\n\t\t\t\t\t\t\t<div class=\"elementor-image-gallery\">\n\t\t\t<div id='gallery-1' class='gallery galleryid-1638 gallery-columns-4 gallery-size-thumbnail'><figure class='gallery-item'>\n\t\t\t<div class='gallery-icon landscape'>\n\t\t\t\t<a data-elementor-open-lightbox=\"yes\" data-elementor-lightbox-slideshow=\"0bf985b\" data-elementor-lightbox-title=\"El planeta en nuestras manos, Santiago Carvajal Garc\u00eda, Colegio Nuestra Se\u00f1ora del Rosario Bogot\u00e1\" data-elementor-lightbox-description=\"Es m\u00e1s que un dibujo, es la visi\u00f3n a trav\u00e9s del tiempo del ser humano en su planeta, siendo este lo m\u00e1s importante para nosotros.\" data-e-action-hash=\"#elementor-action%3Aaction%3Dlightbox%26settings%3DeyJpZCI6MTY0NSwidXJsIjoiaHR0cHM6XC9cL2FjY2VmeW4uY29tXC9taWNyb3NpdGVzXC9ub2Rvc1wvYXN0cm9jb1wvd3AtY29udGVudFwvdXBsb2Fkc1wvMjAyMVwvMDRcL0RTQzAwMTAtQW5kcmVzLUZlbGlwZS1DYXJvLUJhcmFqYXMtMS1zY2FsZWQuanBnIiwic2xpZGVzaG93IjoiMGJmOTg1YiJ9\" href='https:\/\/accefyn.com\/microsites\/nodos\/astroco\/wp-content\/uploads\/2021\/04\/DSC0010-Andres-Felipe-Caro-Barajas-1-scaled.jpg'><img decoding=\"async\" width=\"150\" height=\"150\" src=\"https:\/\/accefyn.com\/microsites\/nodos\/astroco\/wp-content\/uploads\/2021\/04\/DSC0010-Andres-Felipe-Caro-Barajas-1-150x150.jpg\" class=\"attachment-thumbnail size-thumbnail\" alt=\"\" aria-describedby=\"gallery-1-1645\" \/><\/a>\n\t\t\t<\/div>\n\t\t\t\t<figcaption class='wp-caption-text gallery-caption' id='gallery-1-1645'>\n\t\t\t\tEl planeta en nuestras manos\n\t\t\t\t<\/figcaption><\/figure><figure class='gallery-item'>\n\t\t\t<div class='gallery-icon landscape'>\n\t\t\t\t<a data-elementor-open-lightbox=\"yes\" data-elementor-lightbox-slideshow=\"0bf985b\" data-elementor-lightbox-title=\"Lo m\u00e1s hermoso del mundo, Sara Camila Aranda Saenz, IE La Balsa\" data-elementor-lightbox-description=\"El dibujo que realic\u00e9 refleja lo que pienso, admiro y quiero saber del universo. De todo lo que esta formadas las galaxias y que podemos ver desde nuestro firmamento, reflejo cada parte de nuestro sistema solar: el sol, los planetas, la luna. Tambi\u00e9n de las miles de millones de estrellas que exiten y de la mucha informaci\u00f3n que tenemos de ellas y de las nebulosas que son donde se forman estrellas, planetas \" data-e-action-hash=\"#elementor-action%3Aaction%3Dlightbox%26settings%3DeyJpZCI6MTY0NiwidXJsIjoiaHR0cHM6XC9cL2FjY2VmeW4uY29tXC9taWNyb3NpdGVzXC9ub2Rvc1wvYXN0cm9jb1wvd3AtY29udGVudFwvdXBsb2Fkc1wvMjAyMVwvMDRcLzEtU2FyYS1DYW1pbGEtQXJhbmRhLVNhZW56LVNhdWwtQWxmb25zby1WYW5lZ2FzLVByYWRhLTEuanBnIiwic2xpZGVzaG93IjoiMGJmOTg1YiJ9\" href='https:\/\/accefyn.com\/microsites\/nodos\/astroco\/wp-content\/uploads\/2021\/04\/1-Sara-Camila-Aranda-Saenz-Saul-Alfonso-Vanegas-Prada-1.jpg'><img decoding=\"async\" width=\"150\" height=\"150\" src=\"https:\/\/accefyn.com\/microsites\/nodos\/astroco\/wp-content\/uploads\/2021\/04\/1-Sara-Camila-Aranda-Saenz-Saul-Alfonso-Vanegas-Prada-1-150x150.jpg\" class=\"attachment-thumbnail size-thumbnail\" alt=\"\" aria-describedby=\"gallery-1-1646\" \/><\/a>\n\t\t\t<\/div>\n\t\t\t\t<figcaption class='wp-caption-text gallery-caption' id='gallery-1-1646'>\n\t\t\t\tLo m\u00e1s hermoso del mundo\n\t\t\t\t<\/figcaption><\/figure><figure class='gallery-item'>\n\t\t\t<div class='gallery-icon landscape'>\n\t\t\t\t<a data-elementor-open-lightbox=\"yes\" data-elementor-lightbox-slideshow=\"0bf985b\" data-elementor-lightbox-title=\"\u00a1Hagamos de la Tierra un Planeta Divertido!, Emma Carballo Vergara, Colegio Internacional Altamira\" data-elementor-lightbox-description=\"Este dibujo plasma mi perspectiva acerca de la tierra en el universo. Dibuj\u00e9 a dos astronautas interactuando en el espacio, rodeados de planetas y galaxias donde la tierra es la principal protagonista, la mano representa su singularidad al ser el \u00fanico planeta que alberga vida.  A trav\u00e9s de los a\u00f1os se ha invertido tiempo, dinero y conocimiento para buscar formas de vida fuera y mientras lo hacemos, nos convertimos en ni\u00f1os que disfrutan al m\u00e1ximo esta magnifica aventura. los astronautas est\u00e1n sumergidos en un viaje singular, sacando su ni\u00f1o interior llenos de curiosidad por saber que hay m\u00e1s all\u00e1. \" data-e-action-hash=\"#elementor-action%3Aaction%3Dlightbox%26settings%3DeyJpZCI6MTY0NywidXJsIjoiaHR0cHM6XC9cL2FjY2VmeW4uY29tXC9taWNyb3NpdGVzXC9ub2Rvc1wvYXN0cm9jb1wvd3AtY29udGVudFwvdXBsb2Fkc1wvMjAyMVwvMDRcLzU4NEU4NUZGLUFGNEEtNDk5MS1BRjA1LTdFRURBOUY3RTZFMS1Kb3NlLUJhcnJhZ2FuLTEuanBlZyIsInNsaWRlc2hvdyI6IjBiZjk4NWIifQ%3D%3D\" href='https:\/\/accefyn.com\/microsites\/nodos\/astroco\/wp-content\/uploads\/2021\/04\/584E85FF-AF4A-4991-AF05-7EEDA9F7E6E1-Jose-Barragan-1.jpeg'><img decoding=\"async\" width=\"150\" height=\"150\" src=\"https:\/\/accefyn.com\/microsites\/nodos\/astroco\/wp-content\/uploads\/2021\/04\/584E85FF-AF4A-4991-AF05-7EEDA9F7E6E1-Jose-Barragan-1-150x150.jpeg\" class=\"attachment-thumbnail size-thumbnail\" alt=\"\" aria-describedby=\"gallery-1-1647\" \/><\/a>\n\t\t\t<\/div>\n\t\t\t\t<figcaption class='wp-caption-text gallery-caption' id='gallery-1-1647'>\n\t\t\t\t\u00a1Hagamos de la Tierra un Planeta Divertido!\n\t\t\t\t<\/figcaption><\/figure><figure class='gallery-item'>\n\t\t\t<div class='gallery-icon portrait'>\n\t\t\t\t<a data-elementor-open-lightbox=\"yes\" data-elementor-lightbox-slideshow=\"0bf985b\" data-elementor-lightbox-title=\"Mi planeta, Luisa Guti\u00e9rrez, San Pedro Claver\" data-elementor-lightbox-description=\"La hice como me la imagino yo quiero a mi planeta y lo hice con colores \" data-e-action-hash=\"#elementor-action%3Aaction%3Dlightbox%26settings%3DeyJpZCI6MTY0OCwidXJsIjoiaHR0cHM6XC9cL2FjY2VmeW4uY29tXC9taWNyb3NpdGVzXC9ub2Rvc1wvYXN0cm9jb1wvd3AtY29udGVudFwvdXBsb2Fkc1wvMjAyMVwvMDRcLzE2MTY1MDg0NzMwNDMzOTE2NDQxMDQ1MDA4ODk5MzYwLUx1aXNhLWZlcm5hbmRhLUd1dGllcnJlcy1yaXZlcm9zLTEtc2NhbGVkLmpwZyIsInNsaWRlc2hvdyI6IjBiZjk4NWIifQ%3D%3D\" href='https:\/\/accefyn.com\/microsites\/nodos\/astroco\/wp-content\/uploads\/2021\/04\/16165084730433916441045008899360-Luisa-fernanda-Gutierres-riveros-1-scaled.jpg'><img loading=\"lazy\" decoding=\"async\" width=\"150\" height=\"150\" src=\"https:\/\/accefyn.com\/microsites\/nodos\/astroco\/wp-content\/uploads\/2021\/04\/16165084730433916441045008899360-Luisa-fernanda-Gutierres-riveros-1-150x150.jpg\" class=\"attachment-thumbnail size-thumbnail\" alt=\"\" aria-describedby=\"gallery-1-1648\" \/><\/a>\n\t\t\t<\/div>\n\t\t\t\t<figcaption class='wp-caption-text gallery-caption' id='gallery-1-1648'>\n\t\t\t\tMi planeta\n\t\t\t\t<\/figcaption><\/figure><figure class='gallery-item'>\n\t\t\t<div class='gallery-icon landscape'>\n\t\t\t\t<a data-elementor-open-lightbox=\"yes\" data-elementor-lightbox-slideshow=\"0bf985b\" data-elementor-lightbox-title=\"Mi planeta vuela, Gisseth Cequera Mosquera, Club de Astronom\u00eda PHOENIX\" data-elementor-lightbox-description=\"Mi obra representa libertad, alegr\u00eda, belleza y seguridad. Es la muestra de como concibo mi planeta, creo que es el mas hermoso del multiverso.\" data-e-action-hash=\"#elementor-action%3Aaction%3Dlightbox%26settings%3DeyJpZCI6MTY0OSwidXJsIjoiaHR0cHM6XC9cL2FjY2VmeW4uY29tXC9taWNyb3NpdGVzXC9ub2Rvc1wvYXN0cm9jb1wvd3AtY29udGVudFwvdXBsb2Fkc1wvMjAyMVwvMDRcLzE2MTY2MjcxNzI5ODk3NzcyNDA1MzItR2lzc2V0aC1DZXF1ZXJhLU1vc3F1ZXJhLTEtc2NhbGVkLmpwZyIsInNsaWRlc2hvdyI6IjBiZjk4NWIifQ%3D%3D\" href='https:\/\/accefyn.com\/microsites\/nodos\/astroco\/wp-content\/uploads\/2021\/04\/1616627172989777240532-Gisseth-Cequera-Mosquera-1-scaled.jpg'><img loading=\"lazy\" decoding=\"async\" width=\"150\" height=\"150\" src=\"https:\/\/accefyn.com\/microsites\/nodos\/astroco\/wp-content\/uploads\/2021\/04\/1616627172989777240532-Gisseth-Cequera-Mosquera-1-150x150.jpg\" class=\"attachment-thumbnail size-thumbnail\" alt=\"\" aria-describedby=\"gallery-1-1649\" \/><\/a>\n\t\t\t<\/div>\n\t\t\t\t<figcaption class='wp-caption-text gallery-caption' id='gallery-1-1649'>\n\t\t\t\tMi planeta vuela\n\t\t\t\t<\/figcaption><\/figure><figure class='gallery-item'>\n\t\t\t<div class='gallery-icon portrait'>\n\t\t\t\t<a data-elementor-open-lightbox=\"yes\" data-elementor-lightbox-slideshow=\"0bf985b\" data-elementor-lightbox-title=\"Un copito de luz reflejado en la cascara que envuelve nuestro planeta tierra, Lenimar villarroel,  I.e javiera londo\u00f1o sevilla\" data-elementor-lightbox-description=\"Un copito de luz reflejado en la cascara que envuelve nuestro planeta tierra le puce un copito de luz por que es como la nieve como \u00e9l espacio y lo ise con materiales vinilo pinceles marcadores y pega\" data-e-action-hash=\"#elementor-action%3Aaction%3Dlightbox%26settings%3DeyJpZCI6MTY1MCwidXJsIjoiaHR0cHM6XC9cL2FjY2VmeW4uY29tXC9taWNyb3NpdGVzXC9ub2Rvc1wvYXN0cm9jb1wvd3AtY29udGVudFwvdXBsb2Fkc1wvMjAyMVwvMDRcLzE2MTY4Nzk0MjA1MDc2OTQ2MjI0MDUzNDYwNTkzNDYyLUxFTklOLVZJTExBUlJPRUwtMS1zY2FsZWQuanBnIiwic2xpZGVzaG93IjoiMGJmOTg1YiJ9\" href='https:\/\/accefyn.com\/microsites\/nodos\/astroco\/wp-content\/uploads\/2021\/04\/16168794205076946224053460593462-LENIN-VILLARROEL-1-scaled.jpg'><img loading=\"lazy\" decoding=\"async\" width=\"150\" height=\"150\" src=\"https:\/\/accefyn.com\/microsites\/nodos\/astroco\/wp-content\/uploads\/2021\/04\/16168794205076946224053460593462-LENIN-VILLARROEL-1-150x150.jpg\" class=\"attachment-thumbnail size-thumbnail\" alt=\"\" aria-describedby=\"gallery-1-1650\" \/><\/a>\n\t\t\t<\/div>\n\t\t\t\t<figcaption class='wp-caption-text gallery-caption' id='gallery-1-1650'>\n\t\t\t\tUn copito de luz reflejado en la cascara que envuelve nuestro planeta tierra \n\t\t\t\t<\/figcaption><\/figure><figure class='gallery-item'>\n\t\t\t<div class='gallery-icon portrait'>\n\t\t\t\t<a data-elementor-open-lightbox=\"yes\" data-elementor-lightbox-slideshow=\"0bf985b\" data-elementor-lightbox-title=\"Mi peque\u00f1a tierra desde mi grande astronauta, SALOMME VALENTINA SANDOVAL SANABRIA, Colegio mayor de sanbartolome\" data-elementor-lightbox-description=\"Como se ve en la obra un astronauta esta observando la tierra, donde se ve reflejada es el casco, tiene un sentimiento muy lindo ya que si nos ponemos a pensar nosotros podr\u00edamos ser ese astronauta seria algo maravilloso, adem\u00e1s de que aunque no se ve muy detallado se pueden contemplar las nubes eso algo muy lindo, lo llam\u00e9 mi peque\u00f1a tierra porque como se ve en el casco no se ve tan grande la tierra sin embargo se ve que el astronauta esta satisfecho con la vista de la luna a la tierra. Nota :Perd\u00f3n la tardanza del envi\u00f3 tuve varios inconvenientes \" data-e-action-hash=\"#elementor-action%3Aaction%3Dlightbox%26settings%3DeyJpZCI6MTY1MSwidXJsIjoiaHR0cHM6XC9cL2FjY2VmeW4uY29tXC9taWNyb3NpdGVzXC9ub2Rvc1wvYXN0cm9jb1wvd3AtY29udGVudFwvdXBsb2Fkc1wvMjAyMVwvMDRcL0NhbVNjYW5uZXItMDMtMzAtMjAyMS0yMy40OF80Mi1TQUxPTU1FLVZBTEVOVElOQS1TQU5ET1ZBTC1TQU5BQlJJQS0xLmpwZyIsInNsaWRlc2hvdyI6IjBiZjk4NWIifQ%3D%3D\" href='https:\/\/accefyn.com\/microsites\/nodos\/astroco\/wp-content\/uploads\/2021\/04\/CamScanner-03-30-2021-23.48_42-SALOMME-VALENTINA-SANDOVAL-SANABRIA-1.jpg'><img loading=\"lazy\" decoding=\"async\" width=\"150\" height=\"150\" src=\"https:\/\/accefyn.com\/microsites\/nodos\/astroco\/wp-content\/uploads\/2021\/04\/CamScanner-03-30-2021-23.48_42-SALOMME-VALENTINA-SANDOVAL-SANABRIA-1-150x150.jpg\" class=\"attachment-thumbnail size-thumbnail\" alt=\"\" aria-describedby=\"gallery-1-1651\" \/><\/a>\n\t\t\t<\/div>\n\t\t\t\t<figcaption class='wp-caption-text gallery-caption' id='gallery-1-1651'>\n\t\t\t\tMi peque\u00f1a tierra desde mi grande astronauta\n\t\t\t\t<\/figcaption><\/figure><figure class='gallery-item'>\n\t\t\t<div class='gallery-icon landscape'>\n\t\t\t\t<a data-elementor-open-lightbox=\"yes\" data-elementor-lightbox-slideshow=\"0bf985b\" data-elementor-lightbox-title=\"La tierra esta enferma y sufre, Samuel Thomas Hern\u00e1ndez Torres,  Colegio Rodrigo Lara Bonilla.\" data-elementor-lightbox-description=\"La tierra la enfermamos y esta sufriendo muchas miles, esta muriendo y cuando yo  sea grande no habr\u00e1 tierra para disfrutar, y lo malo es que no hacemos nada ,no escuchamos razones ni avisos.\" data-e-action-hash=\"#elementor-action%3Aaction%3Dlightbox%26settings%3DeyJpZCI6MTY1MiwidXJsIjoiaHR0cHM6XC9cL2FjY2VmeW4uY29tXC9taWNyb3NpdGVzXC9ub2Rvc1wvYXN0cm9jb1wvd3AtY29udGVudFwvdXBsb2Fkc1wvMjAyMVwvMDRcL2NsYXMucGRmLVB1ZW50ZXMtQmVybXVkZXotRmFubnktMS5wbmciLCJzbGlkZXNob3ciOiIwYmY5ODViIn0%3D\" href='https:\/\/accefyn.com\/microsites\/nodos\/astroco\/wp-content\/uploads\/2021\/04\/clas.pdf-Puentes-Bermudez-Fanny-1.png'><img loading=\"lazy\" decoding=\"async\" width=\"105\" height=\"70\" src=\"https:\/\/accefyn.com\/microsites\/nodos\/astroco\/wp-content\/uploads\/2021\/04\/clas.pdf-Puentes-Bermudez-Fanny-1.png\" class=\"attachment-thumbnail size-thumbnail\" alt=\"\" aria-describedby=\"gallery-1-1652\" \/><\/a>\n\t\t\t<\/div>\n\t\t\t\t<figcaption class='wp-caption-text gallery-caption' id='gallery-1-1652'>\n\t\t\t\tLa tierra esta enferma y sufre\n\t\t\t\t<\/figcaption><\/figure><figure class='gallery-item'>\n\t\t\t<div class='gallery-icon landscape'>\n\t\t\t\t<a data-elementor-open-lightbox=\"yes\" data-elementor-lightbox-slideshow=\"0bf985b\" data-elementor-lightbox-title=\"La tierra en un gran universo, DANIEL ALVARADO,  LICEOS DEL EJERCITO (Liceo Colombia)\" data-elementor-lightbox-description=\"Lo que yo hice fue un cuadro de pintura, que tiene un fondo negro con una capa de puntos blancos que simulan las estrellas, en la parte superior izquierda tiene un agujero negro, m\u00e1s abajo hay un meteorito, tambi\u00e9n hice tres galaxias una en la parte inferior izquierda, otra al lado derecho del meteorito y la ultima en la parte superior derecha, por \u00faltimo, hice el sistema solar, los planetas los puse seg\u00fan como me imagin\u00e9 que se ubicaban. Mi cuadro de pintura refleja como yo creo que esta la tierra en el espacio.\" data-e-action-hash=\"#elementor-action%3Aaction%3Dlightbox%26settings%3DeyJpZCI6MTY1MywidXJsIjoiaHR0cHM6XC9cL2FjY2VmeW4uY29tXC9taWNyb3NpdGVzXC9ub2Rvc1wvYXN0cm9jb1wvd3AtY29udGVudFwvdXBsb2Fkc1wvMjAyMVwvMDRcL0RBTklFTC1BTFZBUkFETy02VE8tRkFCSUFOLU1BVVJJQ0lPLUJPSE9SUVVFWi1ST0RSSUdVRVotMS5wbmciLCJzbGlkZXNob3ciOiIwYmY5ODViIn0%3D\" href='https:\/\/accefyn.com\/microsites\/nodos\/astroco\/wp-content\/uploads\/2021\/04\/DANIEL-ALVARADO-6TO-FABIAN-MAURICIO-BOHORQUEZ-RODRIGUEZ-1.png'><img loading=\"lazy\" decoding=\"async\" width=\"150\" height=\"150\" src=\"https:\/\/accefyn.com\/microsites\/nodos\/astroco\/wp-content\/uploads\/2021\/04\/DANIEL-ALVARADO-6TO-FABIAN-MAURICIO-BOHORQUEZ-RODRIGUEZ-1-150x150.png\" class=\"attachment-thumbnail size-thumbnail\" alt=\"\" aria-describedby=\"gallery-1-1653\" \/><\/a>\n\t\t\t<\/div>\n\t\t\t\t<figcaption class='wp-caption-text gallery-caption' id='gallery-1-1653'>\n\t\t\t\tLa tierra en un gran universo \n\t\t\t\t<\/figcaption><\/figure><figure class='gallery-item'>\n\t\t\t<div class='gallery-icon landscape'>\n\t\t\t\t<a data-elementor-open-lightbox=\"yes\" data-elementor-lightbox-slideshow=\"0bf985b\" data-elementor-lightbox-title=\"La tierra y yo, Nicol\u00e1s Diaz, Colegio Empresarial Los Andes\" data-elementor-lightbox-description=\"Nuestro planeta Tierra,  nos ense\u00f1a a recibir  Vida, Alimento, Sustento, sin pedirnos nada a cambio,  es Nuestro planeta visto de Lejos,  de cerca, visto con nuestros pies descalzos en el pasto, en la arena, en el agua, sigue siendo nuestro; por eso el hombre y sus manos deben respetar su existencia, y no da\u00f1arla, no contaminarla, no destruir sus bondades, y por el contrario no envejecer en medio de luchas sin sentido, Yo , solo quiero envejecer viendo a mi planeta Tierra m\u00e1s vivo que nunca, m\u00e1s verde, m\u00e1s florecido, m\u00e1s azul, quiero envejer vi\u00e9ndolo con la inocencia de mis ojos, como quisiera que los adultos lo vieran\" data-e-action-hash=\"#elementor-action%3Aaction%3Dlightbox%26settings%3DeyJpZCI6MTY1NCwidXJsIjoiaHR0cHM6XC9cL2FjY2VmeW4uY29tXC9taWNyb3NpdGVzXC9ub2Rvc1wvYXN0cm9jb1wvd3AtY29udGVudFwvdXBsb2Fkc1wvMjAyMVwvMDRcL0RJQlVKTy0yLVNhbmR5LUppbWVuZXotMS5qcGVnIiwic2xpZGVzaG93IjoiMGJmOTg1YiJ9\" href='https:\/\/accefyn.com\/microsites\/nodos\/astroco\/wp-content\/uploads\/2021\/04\/DIBUJO-2-Sandy-Jimenez-1.jpeg'><img loading=\"lazy\" decoding=\"async\" width=\"150\" height=\"150\" src=\"https:\/\/accefyn.com\/microsites\/nodos\/astroco\/wp-content\/uploads\/2021\/04\/DIBUJO-2-Sandy-Jimenez-1-150x150.jpeg\" class=\"attachment-thumbnail size-thumbnail\" alt=\"\" aria-describedby=\"gallery-1-1654\" \/><\/a>\n\t\t\t<\/div>\n\t\t\t\t<figcaption class='wp-caption-text gallery-caption' id='gallery-1-1654'>\n\t\t\t\tLa tierra y yo\n\t\t\t\t<\/figcaption><\/figure><figure class='gallery-item'>\n\t\t\t<div class='gallery-icon landscape'>\n\t\t\t\t<a data-elementor-open-lightbox=\"yes\" data-elementor-lightbox-slideshow=\"0bf985b\" data-elementor-lightbox-title=\"MI TIERRA, MI HOGAR, SARA VALENTINA MORENO CASTRO,  INEM Francisco de Paula Santander IED\" data-elementor-lightbox-description=\"La tierra es el planeta que habitamos, ocupa el tercer lugar en nuestro sistema solar. Contamos con luz, agua, aire, oxigeno para mantener la vida que conocemos. El dibujo representa la forma de geoide que tiene nuestra lindo planeta Tierra, las ganas que tenemos de conocer otros mundos a trav\u00e9s de la exploraci\u00f3n espacial, algunos planetas del Sistema Solar, la forma en que se organizan las constelaciones y otros cuerpos que encontramos en el Universo.\" data-e-action-hash=\"#elementor-action%3Aaction%3Dlightbox%26settings%3DeyJpZCI6MTY1NSwidXJsIjoiaHR0cHM6XC9cL2FjY2VmeW4uY29tXC9taWNyb3NpdGVzXC9ub2Rvc1wvYXN0cm9jb1wvd3AtY29udGVudFwvdXBsb2Fkc1wvMjAyMVwvMDRcL0RpYnVqby1Db25jdXJzby1JTkVNLU1hcmlhLUNyaXN0aW5hLVphcmF0ZS1Sb2RyaWd1ZXotMS5wbmciLCJzbGlkZXNob3ciOiIwYmY5ODViIn0%3D\" href='https:\/\/accefyn.com\/microsites\/nodos\/astroco\/wp-content\/uploads\/2021\/04\/Dibujo-Concurso-INEM-Maria-Cristina-Zarate-Rodriguez-1.png'><img loading=\"lazy\" decoding=\"async\" width=\"150\" height=\"150\" src=\"https:\/\/accefyn.com\/microsites\/nodos\/astroco\/wp-content\/uploads\/2021\/04\/Dibujo-Concurso-INEM-Maria-Cristina-Zarate-Rodriguez-1-150x150.png\" class=\"attachment-thumbnail size-thumbnail\" alt=\"\" aria-describedby=\"gallery-1-1655\" \/><\/a>\n\t\t\t<\/div>\n\t\t\t\t<figcaption class='wp-caption-text gallery-caption' id='gallery-1-1655'>\n\t\t\t\tMI TIERRA, MI HOGAR\n\t\t\t\t<\/figcaption><\/figure><figure class='gallery-item'>\n\t\t\t<div class='gallery-icon portrait'>\n\t\t\t\t<a data-elementor-open-lightbox=\"yes\" data-elementor-lightbox-slideshow=\"0bf985b\" data-elementor-lightbox-title=\"EL PLANETA DE COLORES, BRAIHAM BAQUERO TALERO, IED FABIO LOZANO SIMONELLI\" data-elementor-lightbox-description=\"Veo la tierra como parte del universo, un lugar m\u00e1gico lleno de toda clase de colores, donde iluminamos otro planeta junto con la luna y las estrellas,haciendo que su cielo sea un lindo arco iris que se refleja en sus r\u00edos. Rodeados de una naturaleza de un color verde brillante donde habitan criaturas inimaginables que observan desde su planeta algo muy hermoso y se preguntan quienes son los afortunados que habitan ese hermoso lugar, para mi pintura utilice : hoja, l\u00e1piz,pinceles , oleo, aceite de linaza y lienzo.\" data-e-action-hash=\"#elementor-action%3Aaction%3Dlightbox%26settings%3DeyJpZCI6MTY1NiwidXJsIjoiaHR0cHM6XC9cL2FjY2VmeW4uY29tXC9taWNyb3NpdGVzXC9ub2Rvc1wvYXN0cm9jb1wvd3AtY29udGVudFwvdXBsb2Fkc1wvMjAyMVwvMDRcL0VMLVBMQU5FVEEtREUtQ09MT1JFUy1CbGFkaW1pci1Qb3J0by0xLmpwZWciLCJzbGlkZXNob3ciOiIwYmY5ODViIn0%3D\" href='https:\/\/accefyn.com\/microsites\/nodos\/astroco\/wp-content\/uploads\/2021\/04\/EL-PLANETA-DE-COLORES-Bladimir-Porto-1.jpeg'><img loading=\"lazy\" decoding=\"async\" width=\"150\" height=\"150\" src=\"https:\/\/accefyn.com\/microsites\/nodos\/astroco\/wp-content\/uploads\/2021\/04\/EL-PLANETA-DE-COLORES-Bladimir-Porto-1-150x150.jpeg\" class=\"attachment-thumbnail size-thumbnail\" alt=\"\" aria-describedby=\"gallery-1-1656\" \/><\/a>\n\t\t\t<\/div>\n\t\t\t\t<figcaption class='wp-caption-text gallery-caption' id='gallery-1-1656'>\n\t\t\t\tEL PLANETA DE COLORES\n\t\t\t\t<\/figcaption><\/figure><figure class='gallery-item'>\n\t\t\t<div class='gallery-icon landscape'>\n\t\t\t\t<a data-elementor-open-lightbox=\"yes\" data-elementor-lightbox-slideshow=\"0bf985b\" data-elementor-lightbox-title=\"El universo, Sofia Avila, Colegio nuestra se{ora del Rosario Bogot\u00e1\" data-elementor-lightbox-description=\"Para mi la tierra en el universo es como una peque\u00f1a burbuja en el oceano, solo somos una parte diminuta al lado de la gran ballena que podria ser una galaxia. Hice la comparaci\u00f3n de una ballena con mi planeta, con l\u00e1pices de color en una hoja carta.\" data-e-action-hash=\"#elementor-action%3Aaction%3Dlightbox%26settings%3DeyJpZCI6MTY1NywidXJsIjoiaHR0cHM6XC9cL2FjY2VmeW4uY29tXC9taWNyb3NpdGVzXC9ub2Rvc1wvYXN0cm9jb1wvd3AtY29udGVudFwvdXBsb2Fkc1wvMjAyMVwvMDRcL0VMLVVOSVZFUlNPLTIwMjEtU29maWEtQXZpbGEtQWxpY2lhLVN1YXJlei1Gb25zZWNhLTEuanBlZyIsInNsaWRlc2hvdyI6IjBiZjk4NWIifQ%3D%3D\" href='https:\/\/accefyn.com\/microsites\/nodos\/astroco\/wp-content\/uploads\/2021\/04\/EL-UNIVERSO-2021-Sofia-Avila-Alicia-Suarez-Fonseca-1.jpeg'><img loading=\"lazy\" decoding=\"async\" width=\"150\" height=\"150\" src=\"https:\/\/accefyn.com\/microsites\/nodos\/astroco\/wp-content\/uploads\/2021\/04\/EL-UNIVERSO-2021-Sofia-Avila-Alicia-Suarez-Fonseca-1-150x150.jpeg\" class=\"attachment-thumbnail size-thumbnail\" alt=\"\" aria-describedby=\"gallery-1-1657\" \/><\/a>\n\t\t\t<\/div>\n\t\t\t\t<figcaption class='wp-caption-text gallery-caption' id='gallery-1-1657'>\n\t\t\t\tEl universo\n\t\t\t\t<\/figcaption><\/figure><figure class='gallery-item'>\n\t\t\t<div class='gallery-icon landscape'>\n\t\t\t\t<a data-elementor-open-lightbox=\"yes\" data-elementor-lightbox-slideshow=\"0bf985b\" data-elementor-lightbox-title=\"La tierra desde el espacio, Juan David Mendoza Casta\u00f1eda, Escuela Normal Superior de Charal\u00e1\" data-elementor-lightbox-description=\"Dibuje a sudamerica en el espacio con muchas estrellas, simulando una parte oscura y otra parte iluminada por el sol, la luz de este astro proporciona al igual que el agua representada en azul la vida del ecosistema de nuestro planeta, la vegetacion representada en verde para mi es un respiro de esperanza pero lamentablemente para otros es solamente un negocio al deforestar cientos de hectareas, esperemos que con la ayuda de Dios, la responsabilidad y conciencia del hombre esto se supere porque seria muy triste que la proxima vista desde el espacio sea de amarillo y marron de desierto.\" data-e-action-hash=\"#elementor-action%3Aaction%3Dlightbox%26settings%3DeyJpZCI6MTY1OCwidXJsIjoiaHR0cHM6XC9cL2FjY2VmeW4uY29tXC9taWNyb3NpdGVzXC9ub2Rvc1wvYXN0cm9jb1wvd3AtY29udGVudFwvdXBsb2Fkc1wvMjAyMVwvMDRcL0VOUzA2QV9NZW5kb3phX0p1YW5fT2JyYS1Pc3dhbGRvLU90ZXJvLU9sYXJ0ZUJhamEtMS5qcGciLCJzbGlkZXNob3ciOiIwYmY5ODViIn0%3D\" href='https:\/\/accefyn.com\/microsites\/nodos\/astroco\/wp-content\/uploads\/2021\/04\/ENS06A_Mendoza_Juan_Obra-Oswaldo-Otero-OlarteBaja-1.jpg'><img loading=\"lazy\" decoding=\"async\" width=\"150\" height=\"150\" src=\"https:\/\/accefyn.com\/microsites\/nodos\/astroco\/wp-content\/uploads\/2021\/04\/ENS06A_Mendoza_Juan_Obra-Oswaldo-Otero-OlarteBaja-1-150x150.jpg\" class=\"attachment-thumbnail size-thumbnail\" alt=\"\" aria-describedby=\"gallery-1-1658\" \/><\/a>\n\t\t\t<\/div>\n\t\t\t\t<figcaption class='wp-caption-text gallery-caption' id='gallery-1-1658'>\n\t\t\t\tLa tierra desde el espacio\n\t\t\t\t<\/figcaption><\/figure><figure class='gallery-item'>\n\t\t\t<div class='gallery-icon landscape'>\n\t\t\t\t<a data-elementor-open-lightbox=\"yes\" data-elementor-lightbox-slideshow=\"0bf985b\" data-elementor-lightbox-title=\"HASTA EL INFINITO Y MAS ALLA, EVELYTH MARIANA RAMIREZ JIMENNEZ, INTEGRADO DE SOACHA\" data-elementor-lightbox-description=\"La Tierra parte del universo es el planeta donde habitamos los seres humanos a los cuales Dios nos ha dado el regalo de poder ir al universo infinito  y m\u00e1s all\u00e1, para conocer las maravillas creadas y aprender cada d\u00eda m\u00e1s del Universo y la Tierra.\" data-e-action-hash=\"#elementor-action%3Aaction%3Dlightbox%26settings%3DeyJpZCI6MTY1OSwidXJsIjoiaHR0cHM6XC9cL2FjY2VmeW4uY29tXC9taWNyb3NpdGVzXC9ub2Rvc1wvYXN0cm9jb1wvd3AtY29udGVudFwvdXBsb2Fkc1wvMjAyMVwvMDRcL0VWRUxZVEgtMy1MdXotQnVpdHJhZ28tMS5qcGciLCJzbGlkZXNob3ciOiIwYmY5ODViIn0%3D\" href='https:\/\/accefyn.com\/microsites\/nodos\/astroco\/wp-content\/uploads\/2021\/04\/EVELYTH-3-Luz-Buitrago-1.jpg'><img loading=\"lazy\" decoding=\"async\" width=\"150\" height=\"150\" src=\"https:\/\/accefyn.com\/microsites\/nodos\/astroco\/wp-content\/uploads\/2021\/04\/EVELYTH-3-Luz-Buitrago-1-150x150.jpg\" class=\"attachment-thumbnail size-thumbnail\" alt=\"\" aria-describedby=\"gallery-1-1659\" \/><\/a>\n\t\t\t<\/div>\n\t\t\t\t<figcaption class='wp-caption-text gallery-caption' id='gallery-1-1659'>\n\t\t\t\tHASTA EL INFINITO Y MAS ALLA\n\t\t\t\t<\/figcaption><\/figure><figure class='gallery-item'>\n\t\t\t<div class='gallery-icon portrait'>\n\t\t\t\t<a data-elementor-open-lightbox=\"yes\" data-elementor-lightbox-slideshow=\"0bf985b\" data-elementor-lightbox-title=\"Tierra magistral, Sebasti\u00e1n Delgado Morales , ISB Instituto San Bernardo de la Salle\" data-elementor-lightbox-description=\"Soy un ni\u00f1o que como todos sue\u00f1a en alg\u00fan d\u00eda llegar a la luna y desde ah\u00ed ver la tierra como parte del universo, observando  lo que nos ha regalado Dios, si estuviera viendo la tierra como parte del universo y tuviera una conversaci\u00f3n con Dios, me pondr\u00eda muy triste por tanta contaminaci\u00f3n, porque a diario la destruimos poco a poco,  no la cuidamos, tierra magistral, tierra que nos da vida, nos cuida, nos da una gran familia y no la valoramos, pero  esa tierra parte del universo me da alegr\u00eda, motivaci\u00f3n   y mientras la miro prometo cuidarla.\" data-e-action-hash=\"#elementor-action%3Aaction%3Dlightbox%26settings%3DeyJpZCI6MTY2MCwidXJsIjoiaHR0cHM6XC9cL2FjY2VmeW4uY29tXC9taWNyb3NpdGVzXC9ub2Rvc1wvYXN0cm9jb1wvd3AtY29udGVudFwvdXBsb2Fkc1wvMjAyMVwvMDRcL2ZvdG9jb25jdXJzby1SQVVMLURBTklMTy1MSU5BUkVTLUpJTUVORVotMS5qcGciLCJzbGlkZXNob3ciOiIwYmY5ODViIn0%3D\" href='https:\/\/accefyn.com\/microsites\/nodos\/astroco\/wp-content\/uploads\/2021\/04\/fotoconcurso-RAUL-DANILO-LINARES-JIMENEZ-1.jpg'><img loading=\"lazy\" decoding=\"async\" width=\"150\" height=\"150\" src=\"https:\/\/accefyn.com\/microsites\/nodos\/astroco\/wp-content\/uploads\/2021\/04\/fotoconcurso-RAUL-DANILO-LINARES-JIMENEZ-1-150x150.jpg\" class=\"attachment-thumbnail size-thumbnail\" alt=\"\" aria-describedby=\"gallery-1-1660\" \/><\/a>\n\t\t\t<\/div>\n\t\t\t\t<figcaption class='wp-caption-text gallery-caption' id='gallery-1-1660'>\n\t\t\t\tTierra magistral \n\t\t\t\t<\/figcaption><\/figure><figure class='gallery-item'>\n\t\t\t<div class='gallery-icon portrait'>\n\t\t\t\t<a data-elementor-open-lightbox=\"yes\" data-elementor-lightbox-slideshow=\"0bf985b\" data-elementor-lightbox-title=\"La tierra desde el espacio exterior, HAMILTON CAMILO PALENCIA TABORDA, Instituto T\u00e9cnico Superior Industrial de Barrancabermeja\" data-elementor-lightbox-description=\"La obra busca colocarme en el rol, en el lugar de un astronauta, taikunauta o cosmonauta, aquellos que han podido tener la bella oportunidad de ver desde nuestro espacio exterior y trascendieron esa frontera  est\u00e1 a 100 kil\u00f3metros de altitud.  Tener esa posibilidad de contemplar a nuestra diosa gea que lo que significa etimol\u00f3gicamente desde los griegos la palabra tierra, madre tierra. \" data-e-action-hash=\"#elementor-action%3Aaction%3Dlightbox%26settings%3DeyJpZCI6MTY2MSwidXJsIjoiaHR0cHM6XC9cL2FjY2VmeW4uY29tXC9taWNyb3NpdGVzXC9ub2Rvc1wvYXN0cm9jb1wvd3AtY29udGVudFwvdXBsb2Fkc1wvMjAyMVwvMDRcL2dlYS1DcmlzdGlhbi1IYXJvbGQtUm9kcmlndWV6LUNhYnJlcmEtMS5qcGciLCJzbGlkZXNob3ciOiIwYmY5ODViIn0%3D\" href='https:\/\/accefyn.com\/microsites\/nodos\/astroco\/wp-content\/uploads\/2021\/04\/gea-Cristian-Harold-Rodriguez-Cabrera-1.jpg'><img loading=\"lazy\" decoding=\"async\" width=\"150\" height=\"150\" src=\"https:\/\/accefyn.com\/microsites\/nodos\/astroco\/wp-content\/uploads\/2021\/04\/gea-Cristian-Harold-Rodriguez-Cabrera-1-150x150.jpg\" class=\"attachment-thumbnail size-thumbnail\" alt=\"\" aria-describedby=\"gallery-1-1661\" \/><\/a>\n\t\t\t<\/div>\n\t\t\t\t<figcaption class='wp-caption-text gallery-caption' id='gallery-1-1661'>\n\t\t\t\tLa tierra desde el espacio exterior\n\t\t\t\t<\/figcaption><\/figure><figure class='gallery-item'>\n\t\t\t<div class='gallery-icon landscape'>\n\t\t\t\t<a data-elementor-open-lightbox=\"yes\" data-elementor-lightbox-slideshow=\"0bf985b\" data-elementor-lightbox-title=\"Atardecer desde el espacio, Heidy Parada, IED T\u00e9cnico Comercial Mariano Ospina Rodr\u00edguez\" data-elementor-lightbox-description=\"Mi nombre es Heidy Natalia Parada y pertenezco al colegio Mariano Ospina Rodr\u00edguez de Guasca. En este momento se me dificulta un poco pensar en c\u00f3mo describir mi cuadro ya que no conozco el espacio exterior, lo \u00fanico que puedo decir es que ser\u00eda la ni\u00f1a m\u00e1s feliz del mundo si pudiera conocerlo. Para realizar mi dibujo de la tierra en el espacio me base en algunas im\u00e1genes pese a esto me imagino el espacio inmenso, gigante y desde donde se pueden observar muchos planetas, estrellas y otras formas maravillosas presentes en el universo.\" data-e-action-hash=\"#elementor-action%3Aaction%3Dlightbox%26settings%3DeyJpZCI6MTY2MiwidXJsIjoiaHR0cHM6XC9cL2FjY2VmeW4uY29tXC9taWNyb3NpdGVzXC9ub2Rvc1wvYXN0cm9jb1wvd3AtY29udGVudFwvdXBsb2Fkc1wvMjAyMVwvMDRcL0hlaWR5LVBhcmFkYS02MDEtSW1nLUZpbmFsLUZpbmFsLUFsZWphbmRyby1BbG1lY2lnYS0xLmpwZyIsInNsaWRlc2hvdyI6IjBiZjk4NWIifQ%3D%3D\" href='https:\/\/accefyn.com\/microsites\/nodos\/astroco\/wp-content\/uploads\/2021\/04\/Heidy-Parada-601-Img-Final-Final-Alejandro-Almeciga-1.jpg'><img loading=\"lazy\" decoding=\"async\" width=\"150\" height=\"150\" src=\"https:\/\/accefyn.com\/microsites\/nodos\/astroco\/wp-content\/uploads\/2021\/04\/Heidy-Parada-601-Img-Final-Final-Alejandro-Almeciga-1-150x150.jpg\" class=\"attachment-thumbnail size-thumbnail\" alt=\"\" aria-describedby=\"gallery-1-1662\" \/><\/a>\n\t\t\t<\/div>\n\t\t\t\t<figcaption class='wp-caption-text gallery-caption' id='gallery-1-1662'>\n\t\t\t\tAtardecer desde el espacio\n\t\t\t\t<\/figcaption><\/figure><figure class='gallery-item'>\n\t\t\t<div class='gallery-icon landscape'>\n\t\t\t\t<a data-elementor-open-lightbox=\"yes\" data-elementor-lightbox-slideshow=\"0bf985b\" data-elementor-lightbox-title=\"Earth: The wonderful part of the universe, Eleonora Mazzanti Jaramillo, Colegio Personalizado Renfort\" data-elementor-lightbox-description=\"Mi dibujo muestra como es de peque\u00f1a la Tierra en el Universo.   El Sistema Solar solo es un puntico en la V\u00eda L\u00e1ctea y la Tierra es insignificante en la inmensidad del Universo pero es muy especial porque tiene vida.  Es el \u00fanico planeta que conocemos con vida y debemos cuidarla mucho, no sabemos si hay otros planetas como el nuestro.   Us\u00e9 pasteles y acuarela sobre papel para dibujar la V\u00eda L\u00e1ctea con el centro brillante y los brazos que es donde est\u00e1 ubicado el Sistema Solar con una lupa destacando la Tierra.\" data-e-action-hash=\"#elementor-action%3Aaction%3Dlightbox%26settings%3DeyJpZCI6MTY2MywidXJsIjoiaHR0cHM6XC9cL2FjY2VmeW4uY29tXC9taWNyb3NpdGVzXC9ub2Rvc1wvYXN0cm9jb1wvd3AtY29udGVudFwvdXBsb2Fkc1wvMjAyMVwvMDRcL0lNR181MzQ2LUVsZW9ub3JhLU1henphbnRpLUphcmFtaWxsby1NYWlyYS1BbGVqYW5kcmEtSGVybmFuZGV6LTEtc2NhbGVkLmpwZyIsInNsaWRlc2hvdyI6IjBiZjk4NWIifQ%3D%3D\" href='https:\/\/accefyn.com\/microsites\/nodos\/astroco\/wp-content\/uploads\/2021\/04\/IMG_5346-Eleonora-Mazzanti-Jaramillo-Maira-Alejandra-Hernandez-1-scaled.jpg'><img loading=\"lazy\" decoding=\"async\" width=\"150\" height=\"150\" src=\"https:\/\/accefyn.com\/microsites\/nodos\/astroco\/wp-content\/uploads\/2021\/04\/IMG_5346-Eleonora-Mazzanti-Jaramillo-Maira-Alejandra-Hernandez-1-150x150.jpg\" class=\"attachment-thumbnail size-thumbnail\" alt=\"\" aria-describedby=\"gallery-1-1663\" \/><\/a>\n\t\t\t<\/div>\n\t\t\t\t<figcaption class='wp-caption-text gallery-caption' id='gallery-1-1663'>\n\t\t\t\tEarth: The wonderful part of the universe\n\t\t\t\t<\/figcaption><\/figure><figure class='gallery-item'>\n\t\t\t<div class='gallery-icon landscape'>\n\t\t\t\t<a data-elementor-open-lightbox=\"yes\" data-elementor-lightbox-slideshow=\"0bf985b\" data-elementor-lightbox-title=\"Planeta tierra - Tatiana, Colegio la Anunciaci\u00f3n\" data-elementor-lightbox-description=\"Planeta tierra\" data-e-action-hash=\"#elementor-action%3Aaction%3Dlightbox%26settings%3DeyJpZCI6MTY2NCwidXJsIjoiaHR0cHM6XC9cL2FjY2VmeW4uY29tXC9taWNyb3NpdGVzXC9ub2Rvc1wvYXN0cm9jb1wvd3AtY29udGVudFwvdXBsb2Fkc1wvMjAyMVwvMDRcL0lNR18yMDIxMDMwNV8xMjQ2Mzc0MzMtdGF0aWFuYS0xLTEtc2NhbGVkLmpwZyIsInNsaWRlc2hvdyI6IjBiZjk4NWIifQ%3D%3D\" href='https:\/\/accefyn.com\/microsites\/nodos\/astroco\/wp-content\/uploads\/2021\/04\/IMG_20210305_124637433-tatiana-1-1-scaled.jpg'><img loading=\"lazy\" decoding=\"async\" width=\"150\" height=\"150\" src=\"https:\/\/accefyn.com\/microsites\/nodos\/astroco\/wp-content\/uploads\/2021\/04\/IMG_20210305_124637433-tatiana-1-1-150x150.jpg\" class=\"attachment-thumbnail size-thumbnail\" alt=\"Planeta tierra\" aria-describedby=\"gallery-1-1664\" \/><\/a>\n\t\t\t<\/div>\n\t\t\t\t<figcaption class='wp-caption-text gallery-caption' id='gallery-1-1664'>\n\t\t\t\tPlaneta tierra\n\t\t\t\t<\/figcaption><\/figure><figure class='gallery-item'>\n\t\t\t<div class='gallery-icon landscape'>\n\t\t\t\t<a data-elementor-open-lightbox=\"yes\" data-elementor-lightbox-slideshow=\"0bf985b\" data-elementor-lightbox-title=\"El centro del Universo, Jhon Garzon, Colegio Empresarial Los Andes\" data-elementor-lightbox-description=\"&quot;Yo me imagino en continuo movimiento, flotando debido a la gravedad, brillante, rodeado de muchos cuerpos celestes como estrellas, nebulosas, hoyos negros etc. El tema de mi trabajo se baso en colocar a la tierra como el centro del universo, porque es un lugar donde hay vida animal, vegetal y donde el hombre ha evolucionado. La expresi\u00f3n que muestra la tierra es por un lado alegr\u00eda por toda esa vida y energ\u00eda que hay en ella, y por el otro, con cara de angustia debido al maltrato que ha venido sufriendo por la irresponsabilidad del ser humano&quot;  Jhon Garz\u00f3n\" data-e-action-hash=\"#elementor-action%3Aaction%3Dlightbox%26settings%3DeyJpZCI6MTY2NSwidXJsIjoiaHR0cHM6XC9cL2FjY2VmeW4uY29tXC9taWNyb3NpdGVzXC9ub2Rvc1wvYXN0cm9jb1wvd3AtY29udGVudFwvdXBsb2Fkc1wvMjAyMVwvMDRcL0lNR18yMDIxMDMxN18xNjQ3NTAtQWxlamFuZHJhLUppbWVuZXotMS1zY2FsZWQuanBnIiwic2xpZGVzaG93IjoiMGJmOTg1YiJ9\" href='https:\/\/accefyn.com\/microsites\/nodos\/astroco\/wp-content\/uploads\/2021\/04\/IMG_20210317_164750-Alejandra-Jimenez-1-scaled.jpg'><img loading=\"lazy\" decoding=\"async\" width=\"150\" height=\"150\" src=\"https:\/\/accefyn.com\/microsites\/nodos\/astroco\/wp-content\/uploads\/2021\/04\/IMG_20210317_164750-Alejandra-Jimenez-1-150x150.jpg\" class=\"attachment-thumbnail size-thumbnail\" alt=\"\" aria-describedby=\"gallery-1-1665\" \/><\/a>\n\t\t\t<\/div>\n\t\t\t\t<figcaption class='wp-caption-text gallery-caption' id='gallery-1-1665'>\n\t\t\t\tEl centro del Universo\n\t\t\t\t<\/figcaption><\/figure><figure class='gallery-item'>\n\t\t\t<div class='gallery-icon landscape'>\n\t\t\t\t<a data-elementor-open-lightbox=\"yes\" data-elementor-lightbox-slideshow=\"0bf985b\" data-elementor-lightbox-title=\"Una mirada al planeta, Mateo Angelo Ramirez Ocampo, Colegio Campestre Santo Domingo Savio\" data-elementor-lightbox-description=\"La obra presenta el planeta tierra y en el fondo una la galaxia, tratando de mostrar lo bello que se ve nuestro planeta y el universo \" data-e-action-hash=\"#elementor-action%3Aaction%3Dlightbox%26settings%3DeyJpZCI6MTY2NiwidXJsIjoiaHR0cHM6XC9cL2FjY2VmeW4uY29tXC9taWNyb3NpdGVzXC9ub2Rvc1wvYXN0cm9jb1wvd3AtY29udGVudFwvdXBsb2Fkc1wvMjAyMVwvMDRcL0lNRy03Njk3LU1hdGVvLUFuZ2Vsby1SYW1pcmV6LU9jYW1wby1Kb3NlLURhdmlkLUFjb3N0YS1MYWRpbm8tMS1zY2FsZWQuanBnIiwic2xpZGVzaG93IjoiMGJmOTg1YiJ9\" href='https:\/\/accefyn.com\/microsites\/nodos\/astroco\/wp-content\/uploads\/2021\/04\/IMG-7697-Mateo-Angelo-Ramirez-Ocampo-Jose-David-Acosta-Ladino-1-scaled.jpg'><img loading=\"lazy\" decoding=\"async\" width=\"150\" height=\"150\" src=\"https:\/\/accefyn.com\/microsites\/nodos\/astroco\/wp-content\/uploads\/2021\/04\/IMG-7697-Mateo-Angelo-Ramirez-Ocampo-Jose-David-Acosta-Ladino-1-150x150.jpg\" class=\"attachment-thumbnail size-thumbnail\" alt=\"\" aria-describedby=\"gallery-1-1666\" \/><\/a>\n\t\t\t<\/div>\n\t\t\t\t<figcaption class='wp-caption-text gallery-caption' id='gallery-1-1666'>\n\t\t\t\tUna mirada al planeta \n\t\t\t\t<\/figcaption><\/figure><figure class='gallery-item'>\n\t\t\t<div class='gallery-icon landscape'>\n\t\t\t\t<a data-elementor-open-lightbox=\"yes\" data-elementor-lightbox-slideshow=\"0bf985b\" data-elementor-lightbox-title=\"Encanto del espacio, Juan Sebasti\u00e1n Peralta, Gabo\" data-elementor-lightbox-description=\"Mirar la belleza del universo y c\u00f3mo nuestro planeta hace parte de \u00e9l, somos tan peque\u00f1os pero a la vez tan grandes en el universo y debemos d\u00eda a d\u00eda trabajar por cuidar nuestro planeta, protegerlo y preservarlo. \" data-e-action-hash=\"#elementor-action%3Aaction%3Dlightbox%26settings%3DeyJpZCI6MTY2NywidXJsIjoiaHR0cHM6XC9cL2FjY2VmeW4uY29tXC9taWNyb3NpdGVzXC9ub2Rvc1wvYXN0cm9jb1wvd3AtY29udGVudFwvdXBsb2Fkc1wvMjAyMVwvMDRcL0lNRy0yMDIxMDMyNS1XQTAwMjAtWUVOSS1NQVJDRUxBLU1BUk1PTEVKTy1MT1BFWi0xLmpwZyIsInNsaWRlc2hvdyI6IjBiZjk4NWIifQ%3D%3D\" href='https:\/\/accefyn.com\/microsites\/nodos\/astroco\/wp-content\/uploads\/2021\/04\/IMG-20210325-WA0020-YENI-MARCELA-MARMOLEJO-LOPEZ-1.jpg'><img loading=\"lazy\" decoding=\"async\" width=\"150\" height=\"150\" src=\"https:\/\/accefyn.com\/microsites\/nodos\/astroco\/wp-content\/uploads\/2021\/04\/IMG-20210325-WA0020-YENI-MARCELA-MARMOLEJO-LOPEZ-1-150x150.jpg\" class=\"attachment-thumbnail size-thumbnail\" alt=\"\" aria-describedby=\"gallery-1-1667\" \/><\/a>\n\t\t\t<\/div>\n\t\t\t\t<figcaption class='wp-caption-text gallery-caption' id='gallery-1-1667'>\n\t\t\t\tEncanto del espacio\n\t\t\t\t<\/figcaption><\/figure><figure class='gallery-item'>\n\t\t\t<div class='gallery-icon landscape'>\n\t\t\t\t<a data-elementor-open-lightbox=\"yes\" data-elementor-lightbox-slideshow=\"0bf985b\" data-elementor-lightbox-title=\"PlanetIsabellas, Isabella Chac\u00f3n Guzm\u00e1n, Shaulitos\" data-elementor-lightbox-description=\"Con colores y recuerdos, dibuj\u00e9 lo que se ve afuera de la Tierra, como si estuviera afuera de ella. Mi cielo es verde, porque era el \u00fanico color que combinaba y adem\u00e1s, se ve bonito.\" data-e-action-hash=\"#elementor-action%3Aaction%3Dlightbox%26settings%3DeyJpZCI6MTY2OCwidXJsIjoiaHR0cHM6XC9cL2FjY2VmeW4uY29tXC9taWNyb3NpdGVzXC9ub2Rvc1wvYXN0cm9jb1wvd3AtY29udGVudFwvdXBsb2Fkc1wvMjAyMVwvMDRcL0lzYWJlbGxhXzUtTWF1cmljaW8tQ2hhY29uLVBhY2hvbi0xLmpwZWciLCJzbGlkZXNob3ciOiIwYmY5ODViIn0%3D\" href='https:\/\/accefyn.com\/microsites\/nodos\/astroco\/wp-content\/uploads\/2021\/04\/Isabella_5-Mauricio-Chacon-Pachon-1.jpeg'><img loading=\"lazy\" decoding=\"async\" width=\"150\" height=\"150\" src=\"https:\/\/accefyn.com\/microsites\/nodos\/astroco\/wp-content\/uploads\/2021\/04\/Isabella_5-Mauricio-Chacon-Pachon-1-150x150.jpeg\" class=\"attachment-thumbnail size-thumbnail\" alt=\"\" aria-describedby=\"gallery-1-1668\" \/><\/a>\n\t\t\t<\/div>\n\t\t\t\t<figcaption class='wp-caption-text gallery-caption' id='gallery-1-1668'>\n\t\t\t\tPlanetIsabellas\n\t\t\t\t<\/figcaption><\/figure><figure class='gallery-item'>\n\t\t\t<div class='gallery-icon portrait'>\n\t\t\t\t<a data-elementor-open-lightbox=\"yes\" data-elementor-lightbox-slideshow=\"0bf985b\" data-elementor-lightbox-title=\"LA TIERRA Y MUCHO M\u00c1S POR MARIA DANIELA ROSALES ZAMBRANO,  Colegio Heladia Mej\u00eda I.E.D.\" data-elementor-lightbox-description=\"&quot;Yo Mar\u00eda Daniela Rosales Zambrano, hice este dibujo para representar a nuestro planeta como parte del universo.\nQuise hacer este dibujo, como si la Tierra estuviera saliendo de un traje y llevando a conocer su naturaleza al espacio,  y que la Tierra se viera como es ella por fuera no solo como se ve por dentro, y que conociera m\u00e1s el Universo.\nYo me imagino la TIERRA como parte del universo, un planeta  asombroso lleno de recursos naturales, sin embargo tambi\u00e9n me la imagino como una parte especial para nuestro Universo que aporta mucha cosas bellas como: El color de los oc\u00e9anos, los polos, etc. Entonces nuestro planeta es una gran parte para nuestro Universo.&quot;\" data-e-action-hash=\"#elementor-action%3Aaction%3Dlightbox%26settings%3DeyJpZCI6MTY2OSwidXJsIjoiaHR0cHM6XC9cL2FjY2VmeW4uY29tXC9taWNyb3NpdGVzXC9ub2Rvc1wvYXN0cm9jb1wvd3AtY29udGVudFwvdXBsb2Fkc1wvMjAyMVwvMDRcL0xBLVRJRVJSQS1ZLU1VQ0hPLU1BUy1QT1ItTUFSSUEtREFOSUVMQS1ST1NBTEVTLVpBTUJSQU5PLUthdGEtTW9yYWxlcy0xLXNjYWxlZC5qcGciLCJzbGlkZXNob3ciOiIwYmY5ODViIn0%3D\" href='https:\/\/accefyn.com\/microsites\/nodos\/astroco\/wp-content\/uploads\/2021\/04\/LA-TIERRA-Y-MUCHO-MAS-POR-MARIA-DANIELA-ROSALES-ZAMBRANO-Kata-Morales-1-scaled.jpg'><img loading=\"lazy\" decoding=\"async\" width=\"150\" height=\"150\" src=\"https:\/\/accefyn.com\/microsites\/nodos\/astroco\/wp-content\/uploads\/2021\/04\/LA-TIERRA-Y-MUCHO-MAS-POR-MARIA-DANIELA-ROSALES-ZAMBRANO-Kata-Morales-1-150x150.jpg\" class=\"attachment-thumbnail size-thumbnail\" alt=\"\" aria-describedby=\"gallery-1-1669\" \/><\/a>\n\t\t\t<\/div>\n\t\t\t\t<figcaption class='wp-caption-text gallery-caption' id='gallery-1-1669'>\n\t\t\t\tLA TIERRA Y MUCHO M\u00c1S\n\t\t\t\t<\/figcaption><\/figure><figure class='gallery-item'>\n\t\t\t<div class='gallery-icon landscape'>\n\t\t\t\t<a data-elementor-open-lightbox=\"yes\" data-elementor-lightbox-slideshow=\"0bf985b\" data-elementor-lightbox-title=\"La tierra en el universo, Laura Roa, Colegio Alberto Lleras Camargo IED\" data-elementor-lightbox-description=\"En este dibujo la tierra esta llena de vida, con \u00e1rboles y plantas, agua limpia y seres vivos felices viviendo en paz\" data-e-action-hash=\"#elementor-action%3Aaction%3Dlightbox%26settings%3DeyJpZCI6MTY3MCwidXJsIjoiaHR0cHM6XC9cL2FjY2VmeW4uY29tXC9taWNyb3NpdGVzXC9ub2Rvc1wvYXN0cm9jb1wvd3AtY29udGVudFwvdXBsb2Fkc1wvMjAyMVwvMDRcL0xhdXJhLVJvYS0xLUFMVkFSTy1SVUlaLTEuanBnIiwic2xpZGVzaG93IjoiMGJmOTg1YiJ9\" href='https:\/\/accefyn.com\/microsites\/nodos\/astroco\/wp-content\/uploads\/2021\/04\/Laura-Roa-1-ALVARO-RUIZ-1.jpg'><img loading=\"lazy\" decoding=\"async\" width=\"150\" height=\"150\" src=\"https:\/\/accefyn.com\/microsites\/nodos\/astroco\/wp-content\/uploads\/2021\/04\/Laura-Roa-1-ALVARO-RUIZ-1-150x150.jpg\" class=\"attachment-thumbnail size-thumbnail\" alt=\"\" aria-describedby=\"gallery-1-1670\" \/><\/a>\n\t\t\t<\/div>\n\t\t\t\t<figcaption class='wp-caption-text gallery-caption' id='gallery-1-1670'>\n\t\t\t\tLa tierra en el universo\n\t\t\t\t<\/figcaption><\/figure><figure class='gallery-item'>\n\t\t\t<div class='gallery-icon landscape'>\n\t\t\t\t<a data-elementor-open-lightbox=\"yes\" data-elementor-lightbox-slideshow=\"0bf985b\" data-elementor-lightbox-title=\"Los puntos del universo, Sara Valentina Useche Calder\u00f3n, Astronom\u00eda Colegio Chuniza I.E.D.\" data-elementor-lightbox-description=\"&quot;Lo que yo hice es c\u00f3mo me imagino el universo, porque s\u00e9 que fuera de nuestro planeta hay muchas cosas m\u00e1s lindas y tambi\u00e9n aprender que todo eso es lo que debemos cuidar&quot;. \" data-e-action-hash=\"#elementor-action%3Aaction%3Dlightbox%26settings%3DeyJpZCI6MTY3MSwidXJsIjoiaHR0cHM6XC9cL2FjY2VmeW4uY29tXC9taWNyb3NpdGVzXC9ub2Rvc1wvYXN0cm9jb1wvd3AtY29udGVudFwvdXBsb2Fkc1wvMjAyMVwvMDRcL0xvcy1wdW50b3MtZGVsLXVuaXZlcnNvLVNVLUFzdHJvbm9taWEtQ29sZWdpby1DaHVuaXphLUkuRS5ELi0xLmpwZyIsInNsaWRlc2hvdyI6IjBiZjk4NWIifQ%3D%3D\" href='https:\/\/accefyn.com\/microsites\/nodos\/astroco\/wp-content\/uploads\/2021\/04\/Los-puntos-del-universo-SU-Astronomia-Colegio-Chuniza-I.E.D.-1.jpg'><img loading=\"lazy\" decoding=\"async\" width=\"150\" height=\"150\" src=\"https:\/\/accefyn.com\/microsites\/nodos\/astroco\/wp-content\/uploads\/2021\/04\/Los-puntos-del-universo-SU-Astronomia-Colegio-Chuniza-I.E.D.-1-150x150.jpg\" class=\"attachment-thumbnail size-thumbnail\" alt=\"\" aria-describedby=\"gallery-1-1671\" \/><\/a>\n\t\t\t<\/div>\n\t\t\t\t<figcaption class='wp-caption-text gallery-caption' id='gallery-1-1671'>\n\t\t\t\tLos puntos del universo \n\t\t\t\t<\/figcaption><\/figure><figure class='gallery-item'>\n\t\t\t<div class='gallery-icon landscape'>\n\t\t\t\t<a data-elementor-open-lightbox=\"yes\" data-elementor-lightbox-slideshow=\"0bf985b\" data-elementor-lightbox-title=\"Cambio Clim\u00e1tico, Lucas Botero Moscoso, Colegio Gimnasio Campestre\" data-elementor-lightbox-description=\"Cambio clim\u00e1tico: as\u00ed quedar\u00eda la tierra por el cambio clim\u00e1tico, que fue creado por nuestras acciones. Entonces ponte pilas para no quedar as\u00ed como en la imagen. Por favor ayuda a tu planeta\" data-e-action-hash=\"#elementor-action%3Aaction%3Dlightbox%26settings%3DeyJpZCI6MTY3MiwidXJsIjoiaHR0cHM6XC9cL2FjY2VmeW4uY29tXC9taWNyb3NpdGVzXC9ub2Rvc1wvYXN0cm9jb1wvd3AtY29udGVudFwvdXBsb2Fkc1wvMjAyMVwvMDRcL0x1Y2FzQm90ZXJvLUZyZWRkeS1Nb3Jlbm8tQ2FyZGVuYXMtMS5qcGciLCJzbGlkZXNob3ciOiIwYmY5ODViIn0%3D\" href='https:\/\/accefyn.com\/microsites\/nodos\/astroco\/wp-content\/uploads\/2021\/04\/LucasBotero-Freddy-Moreno-Cardenas-1.jpg'><img loading=\"lazy\" decoding=\"async\" width=\"150\" height=\"150\" src=\"https:\/\/accefyn.com\/microsites\/nodos\/astroco\/wp-content\/uploads\/2021\/04\/LucasBotero-Freddy-Moreno-Cardenas-1-150x150.jpg\" class=\"attachment-thumbnail size-thumbnail\" alt=\"\" aria-describedby=\"gallery-1-1672\" \/><\/a>\n\t\t\t<\/div>\n\t\t\t\t<figcaption class='wp-caption-text gallery-caption' id='gallery-1-1672'>\n\t\t\t\tCambio Clim\u00e1tico\n\t\t\t\t<\/figcaption><\/figure><figure class='gallery-item'>\n\t\t\t<div class='gallery-icon landscape'>\n\t\t\t\t<a data-elementor-open-lightbox=\"yes\" data-elementor-lightbox-slideshow=\"0bf985b\" data-elementor-lightbox-title=\"Mi Planeta, MIGUEL ANGEL RODRIGUEZ, Colegio Robert F. Kennedy\" data-elementor-lightbox-description=\"Yo me imagino as\u00ed mi planeta, si lo estuviera viendo en una nave espacial pero tenemos que cuidarlo pues si seguimos  contaminando no se ver\u00edan los colores de el agua y las selvas y bosques.\" data-e-action-hash=\"#elementor-action%3Aaction%3Dlightbox%26settings%3DeyJpZCI6MTY3MywidXJsIjoiaHR0cHM6XC9cL2FjY2VmeW4uY29tXC9taWNyb3NpdGVzXC9ub2Rvc1wvYXN0cm9jb1wvd3AtY29udGVudFwvdXBsb2Fkc1wvMjAyMVwvMDRcL01JR1VFTC1BTkdFTC1ST0RSSUdVRVotNDAxLU1BUkxFTlktVEFSUVVJTk8tMS5qcGciLCJzbGlkZXNob3ciOiIwYmY5ODViIn0%3D\" href='https:\/\/accefyn.com\/microsites\/nodos\/astroco\/wp-content\/uploads\/2021\/04\/MIGUEL-ANGEL-RODRIGUEZ-401-MARLENY-TARQUINO-1.jpg'><img loading=\"lazy\" decoding=\"async\" width=\"150\" height=\"150\" src=\"https:\/\/accefyn.com\/microsites\/nodos\/astroco\/wp-content\/uploads\/2021\/04\/MIGUEL-ANGEL-RODRIGUEZ-401-MARLENY-TARQUINO-1-150x150.jpg\" class=\"attachment-thumbnail size-thumbnail\" alt=\"\" aria-describedby=\"gallery-1-1673\" \/><\/a>\n\t\t\t<\/div>\n\t\t\t\t<figcaption class='wp-caption-text gallery-caption' id='gallery-1-1673'>\n\t\t\t\tMi Planeta\n\t\t\t\t<\/figcaption><\/figure><figure class='gallery-item'>\n\t\t\t<div class='gallery-icon portrait'>\n\t\t\t\t<a data-elementor-open-lightbox=\"yes\" data-elementor-lightbox-slideshow=\"0bf985b\" data-elementor-lightbox-title=\"Una perspectiva del universo para los habitantes, Manuela Mejia,  Planetario de Medell\u00edn\" data-elementor-lightbox-description=\"Es una demostraci\u00f3n de como se ve el universo, como base a nuestra Luna y el Sol. Aunque no coloque los dem\u00e1s planetas se demuestra claramente como se ver\u00eda si tuvieran. Representa como se ve la Tierra en el espacio y tambi\u00e9n desde la Luna, en la Luna esta representada como se ve en fotograf\u00edas tomadas por la NASA. Las billones de estrellas que hay en el universo las represent\u00e9 como punticos blancos, as\u00ed demostrando que hay muchas estrellas\" data-e-action-hash=\"#elementor-action%3Aaction%3Dlightbox%26settings%3DeyJpZCI6MTY3NCwidXJsIjoiaHR0cHM6XC9cL2FjY2VmeW4uY29tXC9taWNyb3NpdGVzXC9ub2Rvc1wvYXN0cm9jb1wvd3AtY29udGVudFwvdXBsb2Fkc1wvMjAyMVwvMDRcL1BpbnR1cmEtZGUtTWFudWVsYS1NamlhLUFuZ2VsYS1QYXRyaWNpYS1QZXJlei1IZW5hby0xLXNjYWxlZC5qcGciLCJzbGlkZXNob3ciOiIwYmY5ODViIn0%3D\" href='https:\/\/accefyn.com\/microsites\/nodos\/astroco\/wp-content\/uploads\/2021\/04\/Pintura-de-Manuela-Mjia-Angela-Patricia-Perez-Henao-1-scaled.jpg'><img loading=\"lazy\" decoding=\"async\" width=\"150\" height=\"150\" src=\"https:\/\/accefyn.com\/microsites\/nodos\/astroco\/wp-content\/uploads\/2021\/04\/Pintura-de-Manuela-Mjia-Angela-Patricia-Perez-Henao-1-150x150.jpg\" class=\"attachment-thumbnail size-thumbnail\" alt=\"\" aria-describedby=\"gallery-1-1674\" \/><\/a>\n\t\t\t<\/div>\n\t\t\t\t<figcaption class='wp-caption-text gallery-caption' id='gallery-1-1674'>\n\t\t\t\tUna perspectiva del universo para los habitantes\n\t\t\t\t<\/figcaption><\/figure><figure class='gallery-item'>\n\t\t\t<div class='gallery-icon landscape'>\n\t\t\t\t<a data-elementor-open-lightbox=\"yes\" data-elementor-lightbox-slideshow=\"0bf985b\" data-elementor-lightbox-title=\"VARTIER, HEIDY CAMARGO, COLEGIO LA VICTORIA I.E.D\" data-elementor-lightbox-description=\"Mi obra representa el universo como un gran lienzo, el planeta tierra como centro del arte mientras que el sol da luz a la vida que de \u00e9l se proyecta, estrellas de fondo se entremezclan con materia oscura y un sin n\u00famero de colores adornan la V\u00eda L\u00e1ctea mediante la t\u00e9cnica de esparcido y puntillismo sobre un recuadro de cartulina utilizando como pincel mis dedos. \" data-e-action-hash=\"#elementor-action%3Aaction%3Dlightbox%26settings%3DeyJpZCI6MTY3NSwidXJsIjoiaHR0cHM6XC9cL2FjY2VmeW4uY29tXC9taWNyb3NpdGVzXC9ub2Rvc1wvYXN0cm9jb1wvd3AtY29udGVudFwvdXBsb2Fkc1wvMjAyMVwvMDRcL1ZBUlRJRVItSEVJRFktQ0FNQVJHTy1DLi1MQS1WSUNUT1JJQS1BTEVKQU5EUkEtUE9SUkFTLU9SVElaLTEtMS5wbmciLCJzbGlkZXNob3ciOiIwYmY5ODViIn0%3D\" href='https:\/\/accefyn.com\/microsites\/nodos\/astroco\/wp-content\/uploads\/2021\/04\/VARTIER-HEIDY-CAMARGO-C.-LA-VICTORIA-ALEJANDRA-PORRAS-ORTIZ-1-1.png'><img loading=\"lazy\" decoding=\"async\" width=\"150\" height=\"150\" src=\"https:\/\/accefyn.com\/microsites\/nodos\/astroco\/wp-content\/uploads\/2021\/04\/VARTIER-HEIDY-CAMARGO-C.-LA-VICTORIA-ALEJANDRA-PORRAS-ORTIZ-1-1-150x150.png\" class=\"attachment-thumbnail size-thumbnail\" alt=\"\" aria-describedby=\"gallery-1-1675\" \/><\/a>\n\t\t\t<\/div>\n\t\t\t\t<figcaption class='wp-caption-text gallery-caption' id='gallery-1-1675'>\n\t\t\t\tVARTIER\n\t\t\t\t<\/figcaption><\/figure><figure class='gallery-item'>\n\t\t\t<div class='gallery-icon portrait'>\n\t\t\t\t<a data-elementor-open-lightbox=\"yes\" data-elementor-lightbox-slideshow=\"0bf985b\" data-elementor-lightbox-title=\"Nuestro planeta desde el espacio, Emmanuel Alvarez Roman, La Francia\" data-elementor-lightbox-description=\"&quot;LA IMPORTANCIA DE LA TIERRA PARA MI ES MUCHA POR QUE ES\ndonde nazco, crezco y muero como todas las personas.\nayudo a cuidarla reciclando:\nBOTELLAS DE PLASTICO,TAPAS DE BOTELLA, PAPEL PERIODICO Y PAPEL COMUN.\nTAMBIEN QUISIERA LAS PERSONAS SEAN CONSCIENTES DE:- LA BASURA Y CONTAMINACION EN EL MAR\n- LA CONTAMINACION AMBIENTAL\n- LA CAZA FURTIVA DE ANIMALES\n- Y LA CAZA DE ELFANTES POR EL MARFIL\n\nESTA ES LA IMPORTANCIA DE LA TIERRA PARA MI.\nY EL PELIGRO QUE CORRE EL MEDIO AMBIENTE.&quot;\" data-e-action-hash=\"#elementor-action%3Aaction%3Dlightbox%26settings%3DeyJpZCI6MTY3NiwidXJsIjoiaHR0cHM6XC9cL2FjY2VmeW4uY29tXC9taWNyb3NpdGVzXC9ub2Rvc1wvYXN0cm9jb1wvd3AtY29udGVudFwvdXBsb2Fkc1wvMjAyMVwvMDRcL1doYXRzQXBwLUltYWdlLTIwMjEtMDMtMjQtYXQtMS4yMS4zMC1QTS0yLUVtbWFudWVsLUFsdmFyZXotUm9tYW4tMS5qcGVnIiwic2xpZGVzaG93IjoiMGJmOTg1YiJ9\" href='https:\/\/accefyn.com\/microsites\/nodos\/astroco\/wp-content\/uploads\/2021\/04\/WhatsApp-Image-2021-03-24-at-1.21.30-PM-2-Emmanuel-Alvarez-Roman-1.jpeg'><img loading=\"lazy\" decoding=\"async\" width=\"150\" height=\"150\" src=\"https:\/\/accefyn.com\/microsites\/nodos\/astroco\/wp-content\/uploads\/2021\/04\/WhatsApp-Image-2021-03-24-at-1.21.30-PM-2-Emmanuel-Alvarez-Roman-1-150x150.jpeg\" class=\"attachment-thumbnail size-thumbnail\" alt=\"\" aria-describedby=\"gallery-1-1676\" \/><\/a>\n\t\t\t<\/div>\n\t\t\t\t<figcaption class='wp-caption-text gallery-caption' id='gallery-1-1676'>\n\t\t\t\tNuestro planeta desde el espacio\n\t\t\t\t<\/figcaption><\/figure><figure class='gallery-item'>\n\t\t\t<div class='gallery-icon portrait'>\n\t\t\t\t<a data-elementor-open-lightbox=\"yes\" data-elementor-lightbox-slideshow=\"0bf985b\" data-elementor-lightbox-title=\"Mi Tierra desde el espacio  \u00a1 Que belleza!, Jatniel David P\u00e9rez Arias , Tesoro de la Cumbre\" data-elementor-lightbox-description=\"Yo imagino que la Tierra desde el espacio se ve grande, muy grande y redonda con hermosos colores como el azul que es el agua y verde que ser\u00edan todas las plantas que hay en ella,  tambi\u00e9n debe tener  muchas, muchas luces que brillan. Creo que hay sat\u00e9lites artificiales rondando la Tierra y naves con astronautas que van directamente a la Luna, adem\u00e1s imagino la Tierra como un lugar hermoso, pero visto desde el espacio, creo que debe ser a\u00fan m\u00e1s hermoso.\" data-e-action-hash=\"#elementor-action%3Aaction%3Dlightbox%26settings%3DeyJpZCI6MTY3NywidXJsIjoiaHR0cHM6XC9cL2FjY2VmeW4uY29tXC9taWNyb3NpdGVzXC9ub2Rvc1wvYXN0cm9jb1wvd3AtY29udGVudFwvdXBsb2Fkc1wvMjAyMVwvMDRcL1doYXRzQXBwLUltYWdlLTIwMjEtMDMtMjUtYXQtMTAuNTQuMzktQU0tTWFyaXNvbC1FbmNpc28tMS5qcGVnIiwic2xpZGVzaG93IjoiMGJmOTg1YiJ9\" href='https:\/\/accefyn.com\/microsites\/nodos\/astroco\/wp-content\/uploads\/2021\/04\/WhatsApp-Image-2021-03-25-at-10.54.39-AM-Marisol-Enciso-1.jpeg'><img loading=\"lazy\" decoding=\"async\" width=\"150\" height=\"150\" src=\"https:\/\/accefyn.com\/microsites\/nodos\/astroco\/wp-content\/uploads\/2021\/04\/WhatsApp-Image-2021-03-25-at-10.54.39-AM-Marisol-Enciso-1-150x150.jpeg\" class=\"attachment-thumbnail size-thumbnail\" alt=\"\" aria-describedby=\"gallery-1-1677\" \/><\/a>\n\t\t\t<\/div>\n\t\t\t\t<figcaption class='wp-caption-text gallery-caption' id='gallery-1-1677'>\n\t\t\t\tMi Tierra desde el espacio  \u00a1 Que belleza!\n\t\t\t\t<\/figcaption><\/figure><figure class='gallery-item'>\n\t\t\t<div class='gallery-icon landscape'>\n\t\t\t\t<a data-elementor-open-lightbox=\"yes\" data-elementor-lightbox-slideshow=\"0bf985b\" data-elementor-lightbox-title=\"El universo, Nathalia mogoll\u00f3n,  Nuestra Se\u00f1ora del Rosario Bogot\u00e1\" data-elementor-lightbox-description=\"sobre el mundo y tu capacidad de poder verlo de poder saber que podr\u00edamos ayudar . podr\u00edamos saber el ahora y el antes lo malo de la galaxia o mas podr\u00edamos aprender a dibujar sobre tus sentimientos en un dibujo de tu pintura,  quien sea el que gane estar\u00e9 sorprendida .me gusta dibujar y quiero que aprendamos de esto tan maravilloso y a socializar el arte del mundo, espero con grandes ansias que les gusten mis obras ya que es un medio de expresi\u00f3n de mi hacia ustedes. \" data-e-action-hash=\"#elementor-action%3Aaction%3Dlightbox%26settings%3DeyJpZCI6MTY3OCwidXJsIjoiaHR0cHM6XC9cL2FjY2VmeW4uY29tXC9taWNyb3NpdGVzXC9ub2Rvc1wvYXN0cm9jb1wvd3AtY29udGVudFwvdXBsb2Fkc1wvMjAyMVwvMDRcL1dJTl8yMDIxMDMxMF8xMV8yOF80MF9Qcm8tTWFyaWEtVmFsZW50aW5hLU1vbnRlcy1BZ3VkZWxvLTEuanBnIiwic2xpZGVzaG93IjoiMGJmOTg1YiJ9\" href='https:\/\/accefyn.com\/microsites\/nodos\/astroco\/wp-content\/uploads\/2021\/04\/WIN_20210310_11_28_40_Pro-Maria-Valentina-Montes-Agudelo-1.jpg'><img loading=\"lazy\" decoding=\"async\" width=\"150\" height=\"150\" src=\"https:\/\/accefyn.com\/microsites\/nodos\/astroco\/wp-content\/uploads\/2021\/04\/WIN_20210310_11_28_40_Pro-Maria-Valentina-Montes-Agudelo-1-150x150.jpg\" class=\"attachment-thumbnail size-thumbnail\" alt=\"\" aria-describedby=\"gallery-1-1678\" \/><\/a>\n\t\t\t<\/div>\n\t\t\t\t<figcaption class='wp-caption-text gallery-caption' id='gallery-1-1678'>\n\t\t\t\tEl universo\n\t\t\t\t<\/figcaption><\/figure>\n\t\t<\/div>\n\t\t<\/div>\n\t\t\t\t\t\t<\/div>\n\t\t\t\t<\/div>\n\t\t\t\t\t<\/div>\n\t\t<\/div>\n\t\t\t\t\t<\/div>\n\t\t<\/section>\n\t\t\t\t<section class=\"elementor-section elementor-top-section elementor-element elementor-element-6bac5b9 elementor-section-boxed elementor-section-height-default elementor-section-height-default\" data-id=\"6bac5b9\" data-element_type=\"section\" data-e-type=\"section\">\n\t\t\t\t\t\t<div class=\"elementor-container elementor-column-gap-default\">\n\t\t\t\t\t<div class=\"elementor-column elementor-col-100 elementor-top-column elementor-element elementor-element-76b3644\" data-id=\"76b3644\" data-element_type=\"column\" data-e-type=\"column\">\n\t\t\t<div class=\"elementor-widget-wrap elementor-element-populated\">\n\t\t\t\t\t\t<div class=\"elementor-element elementor-element-90b1dd1 elementor-widget elementor-widget-text-editor\" data-id=\"90b1dd1\" data-element_type=\"widget\" data-e-type=\"widget\" data-widget_type=\"text-editor.default\">\n\t\t\t\t<div class=\"elementor-widget-container\">\n\t\t\t\t\t\t\t\t\t<p>Desarrollado por Observatorio Astron\u00f3mico Universidad Distrital Webmaster: Yesid Guerrero, <a href=\"mailto:latitud@udistrital.edu.co\" target=\"_blank\" rel=\"noopener\">latitud@udistrital.edu.co<\/a><\/p>\t\t\t\t\t\t\t\t<\/div>\n\t\t\t\t<\/div>\n\t\t\t\t\t<\/div>\n\t\t<\/div>\n\t\t\t\t\t<\/div>\n\t\t<\/section>\n\t\t\t\t<\/div>\n\t\t","protected":false},"excerpt":{"rendered":"<p>Dibuja tu Planeta (Categor\u00eda B) El planeta en nuestras manos Lo m\u00e1s hermoso del mundo \u00a1Hagamos de la Tierra un [&hellip;]<\/p>\n","protected":false},"author":1,"featured_media":1815,"comment_status":"open","ping_status":"open","sticky":false,"template":"elementor_header_footer","format":"standard","meta":{"site-sidebar-layout":"default","site-content-layout":"","ast-site-content-layout":"default","site-content-style":"default","site-sidebar-style":"default","ast-global-header-display":"","ast-banner-title-visibility":"","ast-main-header-display":"","ast-hfb-above-header-display":"","ast-hfb-below-header-display":"","ast-hfb-mobile-header-display":"","site-post-title":"","ast-breadcrumbs-content":"","ast-featured-img":"","footer-sml-layout":"","theme-transparent-header-meta":"","adv-header-id-meta":"","stick-header-meta":"","header-above-stick-meta":"","header-main-stick-meta":"","header-below-stick-meta":"","astra-migrate-meta-layouts":"default","ast-page-background-enabled":"default","ast-page-background-meta":{"desktop":{"background-color":"var(--ast-global-color-5)","background-image":"","background-repeat":"repeat","background-position":"center center","background-size":"auto","background-attachment":"scroll","background-type":"","background-media":"","overlay-type":"","overlay-color":"","overlay-opacity":"","overlay-gradient":""},"tablet":{"background-color":"","background-image":"","background-repeat":"repeat","background-position":"center center","background-size":"auto","background-attachment":"scroll","background-type":"","background-media":"","overlay-type":"","overlay-color":"","overlay-opacity":"","overlay-gradient":""},"mobile":{"background-color":"","background-image":"","background-repeat":"repeat","background-position":"center center","background-size":"auto","background-attachment":"scroll","background-type":"","background-media":"","overlay-type":"","overlay-color":"","overlay-opacity":"","overlay-gradient":""}},"ast-content-background-meta":{"desktop":{"background-color":"var(--ast-global-color-4)","background-image":"","background-repeat":"repeat","background-position":"center center","background-size":"auto","background-attachment":"scroll","background-type":"","background-media":"","overlay-type":"","overlay-color":"","overlay-opacity":"","overlay-gradient":""},"tablet":{"background-color":"var(--ast-global-color-4)","background-image":"","background-repeat":"repeat","background-position":"center center","background-size":"auto","background-attachment":"scroll","background-type":"","background-media":"","overlay-type":"","overlay-color":"","overlay-opacity":"","overlay-gradient":""},"mobile":{"background-color":"var(--ast-global-color-4)","background-image":"","background-repeat":"repeat","background-position":"center center","background-size":"auto","background-attachment":"scroll","background-type":"","background-media":"","overlay-type":"","overlay-color":"","overlay-opacity":"","overlay-gradient":""}},"footnotes":""},"categories":[11],"tags":[],"class_list":["post-1638","post","type-post","status-publish","format-standard","has-post-thumbnail","hentry","category-blog"],"_links":{"self":[{"href":"https:\/\/accefyn.com\/microsites\/nodos\/astroco\/wp-json\/wp\/v2\/posts\/1638","targetHints":{"allow":["GET"]}}],"collection":[{"href":"https:\/\/accefyn.com\/microsites\/nodos\/astroco\/wp-json\/wp\/v2\/posts"}],"about":[{"href":"https:\/\/accefyn.com\/microsites\/nodos\/astroco\/wp-json\/wp\/v2\/types\/post"}],"author":[{"embeddable":true,"href":"https:\/\/accefyn.com\/microsites\/nodos\/astroco\/wp-json\/wp\/v2\/users\/1"}],"replies":[{"embeddable":true,"href":"https:\/\/accefyn.com\/microsites\/nodos\/astroco\/wp-json\/wp\/v2\/comments?post=1638"}],"version-history":[{"count":56,"href":"https:\/\/accefyn.com\/microsites\/nodos\/astroco\/wp-json\/wp\/v2\/posts\/1638\/revisions"}],"predecessor-version":[{"id":5072,"href":"https:\/\/accefyn.com\/microsites\/nodos\/astroco\/wp-json\/wp\/v2\/posts\/1638\/revisions\/5072"}],"wp:featuredmedia":[{"embeddable":true,"href":"https:\/\/accefyn.com\/microsites\/nodos\/astroco\/wp-json\/wp\/v2\/media\/1815"}],"wp:attachment":[{"href":"https:\/\/accefyn.com\/microsites\/nodos\/astroco\/wp-json\/wp\/v2\/media?parent=1638"}],"wp:term":[{"taxonomy":"category","embeddable":true,"href":"https:\/\/accefyn.com\/microsites\/nodos\/astroco\/wp-json\/wp\/v2\/categories?post=1638"},{"taxonomy":"post_tag","embeddable":true,"href":"https:\/\/accefyn.com\/microsites\/nodos\/astroco\/wp-json\/wp\/v2\/tags?post=1638"}],"curies":[{"name":"wp","href":"https:\/\/api.w.org\/{rel}","templated":true}]}}